{"id":66118,"date":"2014-06-24T12:39:36","date_gmt":"2014-06-24T15:39:36","guid":{"rendered":"http:\/\/senoticias.com.br\/se\/?p=66118"},"modified":"2014-06-24T12:40:34","modified_gmt":"2014-06-24T15:40:34","slug":"huse-registra-16-atendimentos-a-queimados-na-vespera-de-sao-joao","status":"publish","type":"post","link":"https:\/\/senoticias.com.br\/se\/huse-registra-16-atendimentos-a-queimados-na-vespera-de-sao-joao\/","title":{"rendered":"HUSE registra 16 atendimentos a queimados na v\u00e9spera de S\u00e3o Jo\u00e3o"},"content":{"rendered":"<div id=\"attachment_59539\" style=\"width: 310px\" class=\"wp-caption alignright\"><a href=\"http:\/\/senoticias.com.br\/se\/wp-content\/uploads\/2014\/02\/grande-huse_030912.jpg\"><img loading=\"lazy\" decoding=\"async\" aria-describedby=\"caption-attachment-59539\" class=\"size-medium wp-image-59539\" alt=\" (Foto: Divulga\u00e7\u00e3o)\" src=\"http:\/\/senoticias.com.br\/se\/wp-content\/uploads\/2014\/02\/grande-huse_030912-300x199.jpg\" width=\"300\" height=\"199\" \/><\/a><p id=\"caption-attachment-59539\" class=\"wp-caption-text\">(Foto: Divulga\u00e7\u00e3o)<\/p><\/div>\n<p style=\"text-align: justify;\">A noite do dia 23 de junho, v\u00e9spera de S\u00e3o Jo\u00e3o, \u00e9 uma das mais cr\u00edticas para os que trabalham na Unidade de Tratamento de Queimados (UTQ), do Hospital de Urg\u00eancia de Sergipe (HUSE), j\u00e1 que por causa da tradi\u00e7\u00e3o das fogueiras e de soltar fogos, o n\u00famero de queimados tende a aumentar.<\/p>\n<p style=\"text-align: justify;\">No dia de ontem (23) foram registrados 16 atendimentos entre adultos e crian\u00e7as no pronto de socorro do HUSE. De acordo com a gerente da UTQ do HUSE, Wandressa Nascimento, oito pacientes ainda permanecem internados, sendo que tr\u00eas deles na UTQ. Tr\u00eas casos de amputa\u00e7\u00e3o em adultos tamb\u00e9m foram registrados. Na primeira quinzena cicno casos foram registrados, sendo quatro adultos e uma crian\u00e7a.<\/p>\n<p style=\"text-align: justify;\">Para quem insiste em soltar fogos Wandressa adverte para alguns cuidados. \u201cAs pessoas n\u00e3o devem manusear fogos ap\u00f3s ingerir bebida alco\u00f3lica, al\u00e9m disso, quem for soltar fogos deve usar luvas de prote\u00e7\u00e3o, cla\u00e7as adequadas e n\u00e3o pular fogueiras, pois temos muita ocorr\u00eancias deste tipo\u201d, afirmou a gerente. O alerta continua na noite desta ter\u00e7a-feira (24) e se estende at\u00e9 o final do per\u00edodo junino.<\/p>\n<p style=\"text-align: justify;\"><em>Com informa\u00e7\u00f5es do A8SE<\/em><\/p>\n<p style=\"text-align: justify;\"><strong>Siga o SE Not\u00edcias pelo <a href=\"https:\/\/twitter.com\/Senoticias\" target=\"_blank\">Twitter <\/a>e curta pelo <a href=\"https:\/\/www.facebook.com\/PortalSENoticias?fref=ts\" target=\"_blank\">Facebook\u00a0<\/a><\/strong><\/p>\n","protected":false},"excerpt":{"rendered":"<p>A noite do dia 23 de junho, v\u00e9spera de S\u00e3o Jo\u00e3o, \u00e9 uma das mais cr\u00edticas para os que trabalham na Unidade de Tratamento de Queimados (UTQ), do Hospital de Urg\u00eancia de Sergipe (HUSE), j\u00e1 que por causa da tradi\u00e7\u00e3o das fogueiras e de soltar fogos, o n\u00famero de queimados tende a aumentar. No dia [&hellip;]<\/p>\n","protected":false},"author":1,"featured_media":59539,"comment_status":"closed","ping_status":"closed","sticky":false,"template":"","format":"standard","meta":{"footnotes":""},"categories":[20],"tags":[],"class_list":{"0":"post-66118","1":"post","2":"type-post","3":"status-publish","4":"format-standard","5":"has-post-thumbnail","7":"category-saude"},"_links":{"self":[{"href":"https:\/\/senoticias.com.br\/se\/wp-json\/wp\/v2\/posts\/66118"}],"collection":[{"href":"https:\/\/senoticias.com.br\/se\/wp-json\/wp\/v2\/posts"}],"about":[{"href":"https:\/\/senoticias.com.br\/se\/wp-json\/wp\/v2\/types\/post"}],"author":[{"embeddable":true,"href":"https:\/\/senoticias.com.br\/se\/wp-json\/wp\/v2\/users\/1"}],"replies":[{"embeddable":true,"href":"https:\/\/senoticias.com.br\/se\/wp-json\/wp\/v2\/comments?post=66118"}],"version-history":[{"count":0,"href":"https:\/\/senoticias.com.br\/se\/wp-json\/wp\/v2\/posts\/66118\/revisions"}],"wp:featuredmedia":[{"embeddable":true,"href":"https:\/\/senoticias.com.br\/se\/wp-json\/wp\/v2\/media\/59539"}],"wp:attachment":[{"href":"https:\/\/senoticias.com.br\/se\/wp-json\/wp\/v2\/media?parent=66118"}],"wp:term":[{"taxonomy":"category","embeddable":true,"href":"https:\/\/senoticias.com.br\/se\/wp-json\/wp\/v2\/categories?post=66118"},{"taxonomy":"post_tag","embeddable":true,"href":"https:\/\/senoticias.com.br\/se\/wp-json\/wp\/v2\/tags?post=66118"}],"curies":[{"name":"wp","href":"https:\/\/api.w.org\/{rel}","templated":true}]}}