{"id":66110,"date":"2014-06-23T18:42:43","date_gmt":"2014-06-23T21:42:43","guid":{"rendered":"http:\/\/senoticias.com.br\/se\/?p=66110"},"modified":"2014-06-25T13:23:51","modified_gmt":"2014-06-25T16:23:51","slug":"motociclista-morre-ao-colidir-em-carreta-em-rosario-do-catete","status":"publish","type":"post","link":"https:\/\/senoticias.com.br\/se\/motociclista-morre-ao-colidir-em-carreta-em-rosario-do-catete\/","title":{"rendered":"Motociclista morre ao colidir em carreta em Ros\u00e1rio do Catete"},"content":{"rendered":"<p style=\"text-align: justify;\"><em><strong>Marina Fontenele, do G1 SE<\/strong><\/em><\/p>\n<p style=\"text-align: justify;\">Um motociclista morreu no in\u00edcio da tarde desta segunda-feira (23) ap\u00f3s colidir de frente com uma carreta. Ambos trafegavam no KM 65 da BR 101, a cerca de 800 metros de dist\u00e2ncia do acesso ao munic\u00edpio de\u00a0Ros\u00e1rio do Catete, em\u00a0Sergipe.<\/p>\n<div id=\"attachment_66112\" style=\"width: 602px\" class=\"wp-caption aligncenter\"><a href=\"http:\/\/senoticias.com.br\/se\/wp-content\/uploads\/2014\/06\/IMG-20140623-WA0108.jpg\"><img loading=\"lazy\" decoding=\"async\" aria-describedby=\"caption-attachment-66112\" class=\"size-full wp-image-66112\" alt=\"Acidente aconteceu pr\u00f3ximo ao acesso do munic\u00edpio.(Foto: Grupo WhatSapp)\" src=\"http:\/\/senoticias.com.br\/se\/wp-content\/uploads\/2014\/06\/IMG-20140623-WA0108.jpg\" width=\"592\" height=\"444\" srcset=\"https:\/\/senoticias.com.br\/se\/wp-content\/uploads\/2014\/06\/IMG-20140623-WA0108.jpg 592w, https:\/\/senoticias.com.br\/se\/wp-content\/uploads\/2014\/06\/IMG-20140623-WA0108-300x225.jpg 300w, https:\/\/senoticias.com.br\/se\/wp-content\/uploads\/2014\/06\/IMG-20140623-WA0108-342x256.jpg 342w, https:\/\/senoticias.com.br\/se\/wp-content\/uploads\/2014\/06\/IMG-20140623-WA0108-60x45.jpg 60w, https:\/\/senoticias.com.br\/se\/wp-content\/uploads\/2014\/06\/IMG-20140623-WA0108-150x113.jpg 150w, https:\/\/senoticias.com.br\/se\/wp-content\/uploads\/2014\/06\/IMG-20140623-WA0108-269x201.jpg 269w\" sizes=\"(max-width: 592px) 100vw, 592px\" \/><\/a><p id=\"caption-attachment-66112\" class=\"wp-caption-text\">Acidente aconteceu pr\u00f3ximo ao acesso do munic\u00edpio.(Foto: Grupo WhatSapp)<\/p><\/div>\n<p style=\"text-align: justify;\">De acordo com informa\u00e7\u00f5es da Pol\u00edcia Rodovi\u00e1ria Federal (PRF), a v\u00edtima estava sozinha na moto e morreu no local. O condutor da carreta tamb\u00e9m acionou a PRF para informar sobre o ocorrido.<\/p>\n<p style=\"text-align: justify;\">\u201cO motorista disse que o motociclista estava fazendo uma ultrapassagem e que acabou invadindo a pista em que ele estava. Apesar desse relato, somente o laudo pericial vai poder confirmar o que realmente ocasionou o acidente\u201d, afirma o agente federal, Jos\u00e9 Teixeira.<\/p>\n<p style=\"text-align: justify;\">O Instituto M\u00e9dico Legal (IML) j\u00e1 foi acionado para recolher o corpo que continua no local do acidente.<\/p>\n<p><strong>Siga o SE Not\u00edcias pelo <a href=\" https:\/\/twitter.com\/Senoticias\" target=\"_blank\">Twitter <\/a>e curta no <a href=\" https:\/\/www.facebook.com\/PortalSENoticias\" target=\"_blank\">Facebook<\/a><\/strong><\/p>\n","protected":false},"excerpt":{"rendered":"<p>Marina Fontenele, do G1 SE Um motociclista morreu no in\u00edcio da tarde desta segunda-feira (23) ap\u00f3s colidir de frente com uma carreta. Ambos trafegavam no KM 65 da BR 101, a cerca de 800 metros de dist\u00e2ncia do acesso ao munic\u00edpio de\u00a0Ros\u00e1rio do Catete, em\u00a0Sergipe. De acordo com informa\u00e7\u00f5es da Pol\u00edcia Rodovi\u00e1ria Federal (PRF), a [&hellip;]<\/p>\n","protected":false},"author":1,"featured_media":66112,"comment_status":"closed","ping_status":"closed","sticky":false,"template":"","format":"standard","meta":{"footnotes":""},"categories":[310,7],"tags":[],"class_list":{"0":"post-66110","1":"post","2":"type-post","3":"status-publish","4":"format-standard","5":"has-post-thumbnail","7":"category-destaques-da-semana","8":"category-policia"},"_links":{"self":[{"href":"https:\/\/senoticias.com.br\/se\/wp-json\/wp\/v2\/posts\/66110"}],"collection":[{"href":"https:\/\/senoticias.com.br\/se\/wp-json\/wp\/v2\/posts"}],"about":[{"href":"https:\/\/senoticias.com.br\/se\/wp-json\/wp\/v2\/types\/post"}],"author":[{"embeddable":true,"href":"https:\/\/senoticias.com.br\/se\/wp-json\/wp\/v2\/users\/1"}],"replies":[{"embeddable":true,"href":"https:\/\/senoticias.com.br\/se\/wp-json\/wp\/v2\/comments?post=66110"}],"version-history":[{"count":0,"href":"https:\/\/senoticias.com.br\/se\/wp-json\/wp\/v2\/posts\/66110\/revisions"}],"wp:featuredmedia":[{"embeddable":true,"href":"https:\/\/senoticias.com.br\/se\/wp-json\/wp\/v2\/media\/66112"}],"wp:attachment":[{"href":"https:\/\/senoticias.com.br\/se\/wp-json\/wp\/v2\/media?parent=66110"}],"wp:term":[{"taxonomy":"category","embeddable":true,"href":"https:\/\/senoticias.com.br\/se\/wp-json\/wp\/v2\/categories?post=66110"},{"taxonomy":"post_tag","embeddable":true,"href":"https:\/\/senoticias.com.br\/se\/wp-json\/wp\/v2\/tags?post=66110"}],"curies":[{"name":"wp","href":"https:\/\/api.w.org\/{rel}","templated":true}]}}