{"id":66107,"date":"2014-06-23T17:00:08","date_gmt":"2014-06-23T20:00:08","guid":{"rendered":"http:\/\/senoticias.com.br\/se\/?p=66107"},"modified":"2014-06-23T17:00:08","modified_gmt":"2014-06-23T20:00:08","slug":"companhia-nacional-de-abastecimento-sera-inaugurada-em-se","status":"publish","type":"post","link":"https:\/\/senoticias.com.br\/se\/companhia-nacional-de-abastecimento-sera-inaugurada-em-se\/","title":{"rendered":"Companhia Nacional de Abastecimento ser\u00e1 inaugurada em SE"},"content":{"rendered":"<div id=\"attachment_58940\" style=\"width: 310px\" class=\"wp-caption alignright\"><a href=\"http:\/\/senoticias.com.br\/se\/wp-content\/uploads\/2014\/01\/JacksonBarretoFotodeMarcosRodriguesASN.jpeg\"><img loading=\"lazy\" decoding=\"async\" aria-describedby=\"caption-attachment-58940\" class=\"size-medium wp-image-58940\" alt=\"( Foto de Marcos Rodrigues ASN)\" src=\"http:\/\/senoticias.com.br\/se\/wp-content\/uploads\/2014\/01\/JacksonBarretoFotodeMarcosRodriguesASN-300x228.jpeg\" width=\"300\" height=\"228\" \/><\/a><p id=\"caption-attachment-58940\" class=\"wp-caption-text\">( Foto de Marcos Rodrigues ASN)<\/p><\/div>\n<p style=\"text-align: justify;\">O governador Jackson Barreto assinou h\u00e1 alguns dias o termo de cess\u00e3o que autoriza a utiliza\u00e7\u00e3o das instala\u00e7\u00f5es da Empresa de Desenvolvimento Agropecu\u00e1rio (Emdagro) para a inaugura\u00e7\u00e3o da Superintend\u00eancia da Companhia Nacional de Abastecimento (Conab) em Sergipe.<\/p>\n<p style=\"text-align: justify;\">At\u00e9 ent\u00e3o, Sergipe era atendido pela superintend\u00eancia da Bahia.<\/p>\n<p style=\"text-align: justify;\">A Conab compra produtos agr\u00edcolas, forma estoques e vende-os na hora certa, para regular pre\u00e7os e estimular a produ\u00e7\u00e3o, fornecendo apoio a pequenos e m\u00e9dios<br \/>\nprodutores rurais.<\/p>\n<p style=\"text-align: justify;\">A companhia \u00e9 uma empresa p\u00fablica, vinculada ao Minist\u00e9rio da Agricultura, Pecu\u00e1ria e Abastecimento.<\/p>\n<p style=\"text-align: justify;\"><em>Com informa\u00e7\u00f5es do G1SE\u00a0<\/em><\/p>\n<p style=\"text-align: justify;\"><strong>Siga o SE Not\u00edcias pelo <a href=\"https:\/\/twitter.com\/Senoticias\" target=\"_blank\">Twitter<\/a> e curta pelo <a href=\"https:\/\/www.facebook.com\/PortalSENoticias?ref_type=bookmark\" target=\"_blank\">Facebook\u00a0<\/a><\/strong><\/p>\n","protected":false},"excerpt":{"rendered":"<p>O governador Jackson Barreto assinou h\u00e1 alguns dias o termo de cess\u00e3o que autoriza a utiliza\u00e7\u00e3o das instala\u00e7\u00f5es da Empresa de Desenvolvimento Agropecu\u00e1rio (Emdagro) para a inaugura\u00e7\u00e3o da Superintend\u00eancia da Companhia Nacional de Abastecimento (Conab) em Sergipe. At\u00e9 ent\u00e3o, Sergipe era atendido pela superintend\u00eancia da Bahia. A Conab compra produtos agr\u00edcolas, forma estoques e vende-os [&hellip;]<\/p>\n","protected":false},"author":1,"featured_media":58940,"comment_status":"closed","ping_status":"closed","sticky":false,"template":"","format":"standard","meta":{"footnotes":""},"categories":[6],"tags":[],"class_list":{"0":"post-66107","1":"post","2":"type-post","3":"status-publish","4":"format-standard","5":"has-post-thumbnail","7":"category-politica"},"_links":{"self":[{"href":"https:\/\/senoticias.com.br\/se\/wp-json\/wp\/v2\/posts\/66107"}],"collection":[{"href":"https:\/\/senoticias.com.br\/se\/wp-json\/wp\/v2\/posts"}],"about":[{"href":"https:\/\/senoticias.com.br\/se\/wp-json\/wp\/v2\/types\/post"}],"author":[{"embeddable":true,"href":"https:\/\/senoticias.com.br\/se\/wp-json\/wp\/v2\/users\/1"}],"replies":[{"embeddable":true,"href":"https:\/\/senoticias.com.br\/se\/wp-json\/wp\/v2\/comments?post=66107"}],"version-history":[{"count":0,"href":"https:\/\/senoticias.com.br\/se\/wp-json\/wp\/v2\/posts\/66107\/revisions"}],"wp:featuredmedia":[{"embeddable":true,"href":"https:\/\/senoticias.com.br\/se\/wp-json\/wp\/v2\/media\/58940"}],"wp:attachment":[{"href":"https:\/\/senoticias.com.br\/se\/wp-json\/wp\/v2\/media?parent=66107"}],"wp:term":[{"taxonomy":"category","embeddable":true,"href":"https:\/\/senoticias.com.br\/se\/wp-json\/wp\/v2\/categories?post=66107"},{"taxonomy":"post_tag","embeddable":true,"href":"https:\/\/senoticias.com.br\/se\/wp-json\/wp\/v2\/tags?post=66107"}],"curies":[{"name":"wp","href":"https:\/\/api.w.org\/{rel}","templated":true}]}}