{"id":66104,"date":"2014-06-23T16:52:08","date_gmt":"2014-06-23T19:52:08","guid":{"rendered":"http:\/\/senoticias.com.br\/se\/?p=66104"},"modified":"2014-06-23T16:52:08","modified_gmt":"2014-06-23T19:52:08","slug":"radiopatrulha-apreende-dupla-com-revolver-no-medici","status":"publish","type":"post","link":"https:\/\/senoticias.com.br\/se\/radiopatrulha-apreende-dupla-com-revolver-no-medici\/","title":{"rendered":"Radiopatrulha apreende dupla com rev\u00f3lver no M\u00e9dici"},"content":{"rendered":"<div id=\"attachment_66105\" style=\"width: 310px\" class=\"wp-caption alignright\"><a href=\"http:\/\/senoticias.com.br\/se\/wp-content\/uploads\/2014\/06\/grande-rp_medice_230614.jpg\"><img loading=\"lazy\" decoding=\"async\" aria-describedby=\"caption-attachment-66105\" class=\"size-medium wp-image-66105\" alt=\"Uma arma foi apreendida (Foto: RP)\" src=\"http:\/\/senoticias.com.br\/se\/wp-content\/uploads\/2014\/06\/grande-rp_medice_230614-300x199.jpg\" width=\"300\" height=\"199\" srcset=\"https:\/\/senoticias.com.br\/se\/wp-content\/uploads\/2014\/06\/grande-rp_medice_230614-300x199.jpg 300w, https:\/\/senoticias.com.br\/se\/wp-content\/uploads\/2014\/06\/grande-rp_medice_230614-342x227.jpg 342w, https:\/\/senoticias.com.br\/se\/wp-content\/uploads\/2014\/06\/grande-rp_medice_230614.jpg 1000w\" sizes=\"(max-width: 300px) 100vw, 300px\" \/><\/a><p id=\"caption-attachment-66105\" class=\"wp-caption-text\">Uma arma foi apreendida (Foto: RP)<\/p><\/div>\n<p style=\"text-align: justify;\">A Pol\u00edcia Militar, atrav\u00e9s da Companhia de Pol\u00edcia de Radiopatrulha (CPRp), efetivou nesta segunda-feira, 23, por volta das 11h00, nas imedia\u00e7\u00f5es da Rua Jo\u00e3o Carlos de Oliveira, Conjunto M\u00e9dici, zona sul da capital, a pris\u00e3o de Caio Oliveira, 19 e a apreens\u00e3o de um adolescente de 17 anos.<\/p>\n<p style=\"text-align: justify;\">A a\u00e7\u00e3o foi efetivada pela Equipe Le\u00e3o Opera\u00e7\u00f5es comandada pelo Ten PM Freitas, que estava realizando o policiamento ostensivo preventivo na localidade, momento em que percebeu a atitude suspeita dos dois cidad\u00e3os que transitavam em uma bicicleta. Imediatamente, os policiais efetivaram a aproxima\u00e7\u00e3o para realizar os procedimentos de abordagem, momento em que os jovens empreenderam fuga e arremessaram um rev\u00f3lver calibre 22 mm com 06 muni\u00e7\u00f5es na entrada do Posto de Sa\u00fade, que foi apreendido juntamente com os jovens.<\/p>\n<p style=\"text-align: justify;\">O caso foi conduzido \u00e0 1\u00aa Delegacia Metropolitana (1\u00aa DM) e o adolescente para a Delegacia de Prote\u00e7\u00e3o \u00e0 Crian\u00e7a e ao Adolescente (DPCA).<\/p>\n<p style=\"text-align: justify;\"><em>Fonte: RP\u00a0<\/em><\/p>\n<p style=\"text-align: justify;\"><strong>Siga o SE Not\u00edcias pelo <a href=\"https:\/\/twitter.com\/Senoticias\" target=\"_blank\">Twitter<\/a> e curta pelo <a href=\"https:\/\/www.facebook.com\/PortalSENoticias?ref=hl&amp;ref_type=bookmark\" target=\"_blank\">Facebook\u00a0<\/a><\/strong><\/p>\n","protected":false},"excerpt":{"rendered":"<p>A Pol\u00edcia Militar, atrav\u00e9s da Companhia de Pol\u00edcia de Radiopatrulha (CPRp), efetivou nesta segunda-feira, 23, por volta das 11h00, nas imedia\u00e7\u00f5es da Rua Jo\u00e3o Carlos de Oliveira, Conjunto M\u00e9dici, zona sul da capital, a pris\u00e3o de Caio Oliveira, 19 e a apreens\u00e3o de um adolescente de 17 anos. A a\u00e7\u00e3o foi efetivada pela Equipe Le\u00e3o [&hellip;]<\/p>\n","protected":false},"author":1,"featured_media":66105,"comment_status":"closed","ping_status":"closed","sticky":false,"template":"","format":"standard","meta":{"footnotes":""},"categories":[7],"tags":[],"class_list":{"0":"post-66104","1":"post","2":"type-post","3":"status-publish","4":"format-standard","5":"has-post-thumbnail","7":"category-policia"},"_links":{"self":[{"href":"https:\/\/senoticias.com.br\/se\/wp-json\/wp\/v2\/posts\/66104"}],"collection":[{"href":"https:\/\/senoticias.com.br\/se\/wp-json\/wp\/v2\/posts"}],"about":[{"href":"https:\/\/senoticias.com.br\/se\/wp-json\/wp\/v2\/types\/post"}],"author":[{"embeddable":true,"href":"https:\/\/senoticias.com.br\/se\/wp-json\/wp\/v2\/users\/1"}],"replies":[{"embeddable":true,"href":"https:\/\/senoticias.com.br\/se\/wp-json\/wp\/v2\/comments?post=66104"}],"version-history":[{"count":0,"href":"https:\/\/senoticias.com.br\/se\/wp-json\/wp\/v2\/posts\/66104\/revisions"}],"wp:featuredmedia":[{"embeddable":true,"href":"https:\/\/senoticias.com.br\/se\/wp-json\/wp\/v2\/media\/66105"}],"wp:attachment":[{"href":"https:\/\/senoticias.com.br\/se\/wp-json\/wp\/v2\/media?parent=66104"}],"wp:term":[{"taxonomy":"category","embeddable":true,"href":"https:\/\/senoticias.com.br\/se\/wp-json\/wp\/v2\/categories?post=66104"},{"taxonomy":"post_tag","embeddable":true,"href":"https:\/\/senoticias.com.br\/se\/wp-json\/wp\/v2\/tags?post=66104"}],"curies":[{"name":"wp","href":"https:\/\/api.w.org\/{rel}","templated":true}]}}