{"id":66102,"date":"2014-06-23T16:36:00","date_gmt":"2014-06-23T19:36:00","guid":{"rendered":"http:\/\/senoticias.com.br\/se\/?p=66102"},"modified":"2014-06-25T11:12:23","modified_gmt":"2014-06-25T14:12:23","slug":"agentes-do-denarc-flagram-ex-presidiario-com-arma-e-maconha","status":"publish","type":"post","link":"https:\/\/senoticias.com.br\/se\/agentes-do-denarc-flagram-ex-presidiario-com-arma-e-maconha\/","title":{"rendered":"Pol\u00edcia flagra ex-presidi\u00e1rio com arma e maconha"},"content":{"rendered":"<div id=\"attachment_66103\" style=\"width: 310px\" class=\"wp-caption alignright\"><a href=\"http:\/\/senoticias.com.br\/se\/wp-content\/uploads\/2014\/06\/denarc1.png\"><img loading=\"lazy\" decoding=\"async\" aria-describedby=\"caption-attachment-66103\" class=\"size-medium wp-image-66103\" alt=\"Foto: SSP\/SE\" src=\"http:\/\/senoticias.com.br\/se\/wp-content\/uploads\/2014\/06\/denarc1-300x225.png\" width=\"300\" height=\"225\" srcset=\"https:\/\/senoticias.com.br\/se\/wp-content\/uploads\/2014\/06\/denarc1-300x225.png 300w, https:\/\/senoticias.com.br\/se\/wp-content\/uploads\/2014\/06\/denarc1-342x256.png 342w, https:\/\/senoticias.com.br\/se\/wp-content\/uploads\/2014\/06\/denarc1-60x45.png 60w, https:\/\/senoticias.com.br\/se\/wp-content\/uploads\/2014\/06\/denarc1-150x113.png 150w, https:\/\/senoticias.com.br\/se\/wp-content\/uploads\/2014\/06\/denarc1-269x201.png 269w, https:\/\/senoticias.com.br\/se\/wp-content\/uploads\/2014\/06\/denarc1.png 800w\" sizes=\"(max-width: 300px) 100vw, 300px\" \/><\/a><p id=\"caption-attachment-66103\" class=\"wp-caption-text\">Foto: SSP\/SE<\/p><\/div>\n<p style=\"text-align: justify;\">Policiais civis do Departamento de Narc\u00f3ticos da Pol\u00edcia Civil (Denarc) prenderam na manh\u00e3 do domingo (22), o ex-presidi\u00e1rio Claudemir Santos da Concei\u00e7\u00e3o, 23 anos, conhecido como &#8220;Curominho&#8221;CUROMINHO, na Invas\u00e3o da Tieta, bairro Roza Elze, em S\u00e3o Crist\u00f3v\u00e3o.<\/p>\n<p style=\"text-align: justify;\">Claudemir foi flagrado com uma espingarda calibre 12 com 22 muni\u00e7\u00f5es intactas e seis deflagradas, e mais 2,5 quilos de maconha, 300 gramas de coca\u00edna e 700 c\u00e1psulas pl\u00e1sticas utilizadas para acondicionar coca\u00edna para venda a usu\u00e1rios.<\/p>\n<p style=\"text-align: justify;\">&#8220;Fomos checar uma den\u00fancia de tr\u00e1fico de drogas que informava que Claudemir comercializava entorpecentes em sua resid\u00eancia. Ap\u00f3s identificar o local, deflagramos a opera\u00e7\u00e3o que culminou com a pris\u00e3o e a apreens\u00e3o das drogas e arma de fogo&#8221;, explicou o diretor do Denarc, delegado Fl\u00e1vio Albuquerque.<\/p>\n<p style=\"text-align: justify;\">Ainda segundo o delegado, ao ser interrogado o preso revelou que havia comprado a arma a traficantes do Estado de Alagoas. A maior parte da droga e a escopeta estavam enterradas debaixo da cama de Claudemir que est\u00e1 cumprindo pena em livramento condicional por roubo.<\/p>\n<p style=\"text-align: justify;\">&#8220;N\u00f3s procuramos n\u00e3o s\u00f3 apreender drogas como apreender armas de fogo quando da pris\u00e3o de traficantes objetivando a diminui\u00e7\u00e3o dos \u00edndices de viol\u00eancia, sobretudo o n\u00famero de homic\u00eddios. De janeiro a maio deste ano j\u00e1 foram apreendidas 35 armas de fogo pelo Denarc, um aumento de 34,6% quando comparado ao mesmo per\u00edodo do ano passado&#8221;, finalizou Albuquerque.<\/p>\n<p style=\"text-align: justify;\"><em>Fonte: SSP\/SE\u00a0<\/em><\/p>\n<p style=\"text-align: justify;\"><strong>Siga o SE Not\u00edcias pelo <a href=\"https:\/\/twitter.com\/Senoticias\" target=\"_blank\">Twitter<\/a> e curta pelo <a href=\"https:\/\/www.facebook.com\/PortalSENoticias?ref=hl&amp;ref_type=bookmark\" target=\"_blank\">Facebook\u00a0<\/a><\/strong><\/p>\n","protected":false},"excerpt":{"rendered":"<p>Policiais civis do Departamento de Narc\u00f3ticos da Pol\u00edcia Civil (Denarc) prenderam na manh\u00e3 do domingo (22), o ex-presidi\u00e1rio Claudemir Santos da Concei\u00e7\u00e3o, 23 anos, conhecido como &#8220;Curominho&#8221;CUROMINHO, na Invas\u00e3o da Tieta, bairro Roza Elze, em S\u00e3o Crist\u00f3v\u00e3o. Claudemir foi flagrado com uma espingarda calibre 12 com 22 muni\u00e7\u00f5es intactas e seis deflagradas, e mais 2,5 [&hellip;]<\/p>\n","protected":false},"author":1,"featured_media":66103,"comment_status":"closed","ping_status":"closed","sticky":false,"template":"","format":"standard","meta":{"footnotes":""},"categories":[7],"tags":[],"class_list":{"0":"post-66102","1":"post","2":"type-post","3":"status-publish","4":"format-standard","5":"has-post-thumbnail","7":"category-policia"},"_links":{"self":[{"href":"https:\/\/senoticias.com.br\/se\/wp-json\/wp\/v2\/posts\/66102"}],"collection":[{"href":"https:\/\/senoticias.com.br\/se\/wp-json\/wp\/v2\/posts"}],"about":[{"href":"https:\/\/senoticias.com.br\/se\/wp-json\/wp\/v2\/types\/post"}],"author":[{"embeddable":true,"href":"https:\/\/senoticias.com.br\/se\/wp-json\/wp\/v2\/users\/1"}],"replies":[{"embeddable":true,"href":"https:\/\/senoticias.com.br\/se\/wp-json\/wp\/v2\/comments?post=66102"}],"version-history":[{"count":0,"href":"https:\/\/senoticias.com.br\/se\/wp-json\/wp\/v2\/posts\/66102\/revisions"}],"wp:featuredmedia":[{"embeddable":true,"href":"https:\/\/senoticias.com.br\/se\/wp-json\/wp\/v2\/media\/66103"}],"wp:attachment":[{"href":"https:\/\/senoticias.com.br\/se\/wp-json\/wp\/v2\/media?parent=66102"}],"wp:term":[{"taxonomy":"category","embeddable":true,"href":"https:\/\/senoticias.com.br\/se\/wp-json\/wp\/v2\/categories?post=66102"},{"taxonomy":"post_tag","embeddable":true,"href":"https:\/\/senoticias.com.br\/se\/wp-json\/wp\/v2\/tags?post=66102"}],"curies":[{"name":"wp","href":"https:\/\/api.w.org\/{rel}","templated":true}]}}