{"id":66099,"date":"2014-06-23T16:25:50","date_gmt":"2014-06-23T19:25:50","guid":{"rendered":"http:\/\/senoticias.com.br\/se\/?p=66099"},"modified":"2014-06-23T16:26:55","modified_gmt":"2014-06-23T19:26:55","slug":"ze-maria-do-pstu-pede-registro-ao-tse-para-concorrer-a-presidencia","status":"publish","type":"post","link":"https:\/\/senoticias.com.br\/se\/ze-maria-do-pstu-pede-registro-ao-tse-para-concorrer-a-presidencia\/","title":{"rendered":"Z\u00e9 Maria, do PSTU, pede registro ao TSE para concorrer \u00e0 Presid\u00eancia"},"content":{"rendered":"<div id=\"attachment_66100\" style=\"width: 266px\" class=\"wp-caption alignright\"><a href=\"http:\/\/senoticias.com.br\/se\/wp-content\/uploads\/2014\/06\/conteudo_2_41447_20140621112901_53a596ad2ed64.jpg\"><img loading=\"lazy\" decoding=\"async\" aria-describedby=\"caption-attachment-66100\" class=\"size-medium wp-image-66100\" alt=\"Foto: Z\u00e9 Maria\/ Divulga\u00e7\u00e3o PSTU\" src=\"http:\/\/senoticias.com.br\/se\/wp-content\/uploads\/2014\/06\/conteudo_2_41447_20140621112901_53a596ad2ed64-256x300.jpg\" width=\"256\" height=\"300\" srcset=\"https:\/\/senoticias.com.br\/se\/wp-content\/uploads\/2014\/06\/conteudo_2_41447_20140621112901_53a596ad2ed64-256x300.jpg 256w, https:\/\/senoticias.com.br\/se\/wp-content\/uploads\/2014\/06\/conteudo_2_41447_20140621112901_53a596ad2ed64-342x399.jpg 342w, https:\/\/senoticias.com.br\/se\/wp-content\/uploads\/2014\/06\/conteudo_2_41447_20140621112901_53a596ad2ed64-300x350.jpg 300w, https:\/\/senoticias.com.br\/se\/wp-content\/uploads\/2014\/06\/conteudo_2_41447_20140621112901_53a596ad2ed64.jpg 428w\" sizes=\"(max-width: 256px) 100vw, 256px\" \/><\/a><p id=\"caption-attachment-66100\" class=\"wp-caption-text\">Foto: Z\u00e9 Maria\/ Divulga\u00e7\u00e3o PSTU<\/p><\/div>\n<p style=\"text-align: justify;\">O Tribunal Superior Eleitoral (TSE) recebeu hoje (20) o primeiro pedido de registro de candidatura \u00e0 Presid\u00eancia da Rep\u00fablica nas elei\u00e7\u00f5es de outubro deste ano. Ap\u00f3s ter o nome aprovado na conven\u00e7\u00e3o do PSTU, no s\u00e1bado (14), Jos\u00e9 Maria de Almeida, conhecido como Z\u00e9 Maria, pediu ao tribunal o deferimento do registro de sua candidatura, que ter\u00e1 como vice a assistente social Cl\u00e1udia Durans. O n\u00famero do partido na urna ser\u00e1 16.<\/p>\n<p style=\"text-align: justify;\">Z\u00e9 Maria tem sua hist\u00f3ria ligada \u00e0 consolida\u00e7\u00e3o do sindicalismo no setor metal\u00fargico. Em 1982, concorreu a deputado estadual por S\u00e3o Paulo; em 1994 tentou cadeira na C\u00e2mara dos Deputados por Minas Gerais; e nas elei\u00e7\u00f5es de 1998, 2002 e 2010 candidatou-se \u00e0 Presid\u00eancia da Rep\u00fablica.<\/p>\n<p style=\"text-align: justify;\">Ao ser lan\u00e7ado pelo PSTU, Z\u00e9 Maria afirmou que defende mudan\u00e7as no pa\u00eds. &#8220;\u00c9 preciso que o Brasil tenha um governo que tenha coragem de romper com banqueiros e as grandes empresas. Para fazer com que a riqueza e os recursos que o nosso pa\u00eds tem possam garantir sa\u00fade, educa\u00e7\u00e3o, moradia, transporte coletivo, reforma agr\u00e1ria e aposentadoria. Ou seja: vida digna para o povo brasileiro\u201d, disse.<\/p>\n<p style=\"text-align: justify;\">O prazo para todos os partidos fazerem conven\u00e7\u00f5es para aprovar, internamente, os candidatos que v\u00e3o disputar as elei\u00e7\u00f5es termina no dia 30 de junho. Ap\u00f3s a defini\u00e7\u00e3o dos nomes que v\u00e3o concorrer aos cargos de deputado estadual e federal, senador, governador e \u00e0 Presid\u00eancia da Rep\u00fablica, o partidos t\u00eam at\u00e9 5 de julho para pedir o registro na Justi\u00e7a Eleitoral.<\/p>\n<p style=\"text-align: justify;\">Caber\u00e1 aos tribunais regionais eleitorais e ao TSE, no caso de candidatos \u00e0 Presid\u00eancia, verificar se os candidatos est\u00e3o aptos a concorrer. Os pol\u00edticos podem ser impedidos de concorrer se estiverem ineleg\u00edveis pela Lei da Ficha Limpa, por exemplo. O primeiro turno ser\u00e1 no dia 5 de outubro.<\/p>\n<p style=\"text-align: justify;\"><em>Fonte: Ag\u00eancia \u00a0Brasil\u00a0<\/em><\/p>\n<p style=\"text-align: justify;\"><strong>Siga o SE Not\u00edcias pelo <a href=\"https:\/\/twitter.com\/Senoticias\" target=\"_blank\">Twitter<\/a> e curta pelo <a href=\"https:\/\/www.facebook.com\/PortalSENoticias?ref=hl&amp;ref_type=bookmark\" target=\"_blank\">Facebook\u00a0<\/a><\/strong><\/p>\n","protected":false},"excerpt":{"rendered":"<p>O Tribunal Superior Eleitoral (TSE) recebeu hoje (20) o primeiro pedido de registro de candidatura \u00e0 Presid\u00eancia da Rep\u00fablica nas elei\u00e7\u00f5es de outubro deste ano. Ap\u00f3s ter o nome aprovado na conven\u00e7\u00e3o do PSTU, no s\u00e1bado (14), Jos\u00e9 Maria de Almeida, conhecido como Z\u00e9 Maria, pediu ao tribunal o deferimento do registro de sua candidatura, [&hellip;]<\/p>\n","protected":false},"author":1,"featured_media":66100,"comment_status":"closed","ping_status":"closed","sticky":false,"template":"","format":"standard","meta":{"footnotes":""},"categories":[6],"tags":[],"class_list":{"0":"post-66099","1":"post","2":"type-post","3":"status-publish","4":"format-standard","5":"has-post-thumbnail","7":"category-politica"},"_links":{"self":[{"href":"https:\/\/senoticias.com.br\/se\/wp-json\/wp\/v2\/posts\/66099"}],"collection":[{"href":"https:\/\/senoticias.com.br\/se\/wp-json\/wp\/v2\/posts"}],"about":[{"href":"https:\/\/senoticias.com.br\/se\/wp-json\/wp\/v2\/types\/post"}],"author":[{"embeddable":true,"href":"https:\/\/senoticias.com.br\/se\/wp-json\/wp\/v2\/users\/1"}],"replies":[{"embeddable":true,"href":"https:\/\/senoticias.com.br\/se\/wp-json\/wp\/v2\/comments?post=66099"}],"version-history":[{"count":0,"href":"https:\/\/senoticias.com.br\/se\/wp-json\/wp\/v2\/posts\/66099\/revisions"}],"wp:featuredmedia":[{"embeddable":true,"href":"https:\/\/senoticias.com.br\/se\/wp-json\/wp\/v2\/media\/66100"}],"wp:attachment":[{"href":"https:\/\/senoticias.com.br\/se\/wp-json\/wp\/v2\/media?parent=66099"}],"wp:term":[{"taxonomy":"category","embeddable":true,"href":"https:\/\/senoticias.com.br\/se\/wp-json\/wp\/v2\/categories?post=66099"},{"taxonomy":"post_tag","embeddable":true,"href":"https:\/\/senoticias.com.br\/se\/wp-json\/wp\/v2\/tags?post=66099"}],"curies":[{"name":"wp","href":"https:\/\/api.w.org\/{rel}","templated":true}]}}