{"id":66094,"date":"2014-06-23T16:03:23","date_gmt":"2014-06-23T19:03:23","guid":{"rendered":"http:\/\/senoticias.com.br\/se\/?p=66094"},"modified":"2014-06-23T18:30:34","modified_gmt":"2014-06-23T21:30:34","slug":"abono-do-pis-e-do-pasep-comeca-a-ser-pago-mes-que-vem","status":"publish","type":"post","link":"https:\/\/senoticias.com.br\/se\/abono-do-pis-e-do-pasep-comeca-a-ser-pago-mes-que-vem\/","title":{"rendered":"Abono do PIS e do Pasep come\u00e7a a ser pago m\u00eas que vem"},"content":{"rendered":"<div id=\"attachment_59253\" style=\"width: 310px\" class=\"wp-caption alignright\"><a href=\"http:\/\/senoticias.com.br\/se\/wp-content\/uploads\/2014\/01\/Carteira-de-trabalho-20-12-07-567x340.jpg\"><img loading=\"lazy\" decoding=\"async\" aria-describedby=\"caption-attachment-59253\" class=\"size-medium wp-image-59253\" alt=\"Os empregados da iniciativa privada que fazem anivers\u00e1rio em julho, agosto e setembro come\u00e7am a receber o PIS m\u00eas que vem. (Foto: Reprodu\u00e7\u00e3o)\" src=\"http:\/\/senoticias.com.br\/se\/wp-content\/uploads\/2014\/01\/Carteira-de-trabalho-20-12-07-567x340-300x179.jpg\" width=\"300\" height=\"179\" srcset=\"https:\/\/senoticias.com.br\/se\/wp-content\/uploads\/2014\/01\/Carteira-de-trabalho-20-12-07-567x340-300x179.jpg 300w, https:\/\/senoticias.com.br\/se\/wp-content\/uploads\/2014\/01\/Carteira-de-trabalho-20-12-07-567x340-342x205.jpg 342w, https:\/\/senoticias.com.br\/se\/wp-content\/uploads\/2014\/01\/Carteira-de-trabalho-20-12-07-567x340.jpg 567w\" sizes=\"(max-width: 300px) 100vw, 300px\" \/><\/a><p id=\"caption-attachment-59253\" class=\"wp-caption-text\">Os empregados da iniciativa privada que fazem anivers\u00e1rio em julho, agosto e setembro come\u00e7am a receber o PIS m\u00eas que vem. (Foto: Reprodu\u00e7\u00e3o)<\/p><\/div>\n<p style=\"text-align: justify;\">Os trabalhadores com carteira assinada que recebem at\u00e9 dois sal\u00e1rios m\u00ednimos ter\u00e3o um dinheiro extra a partir de julho. O Di\u00e1rio Oficial da Uni\u00e3o publicou nesta segunda-feira (23) o cronograma de pagamento do abono do Programa de Integra\u00e7\u00e3o Social (PIS) e do Programa de Forma\u00e7\u00e3o do Patrim\u00f4nio do Servidor P\u00fablico (Pasep).<\/p>\n<p style=\"text-align: justify;\">Os empregados da iniciativa privada que fazem anivers\u00e1rio em julho, agosto e setembro come\u00e7am a receber o PIS m\u00eas que vem. O pagamento ser\u00e1 feito nos dias 15, 22 e 31 de julho, respectivamente. Para os nascidos em outubro, novembro e dezembro, o abono ser\u00e1 pago em 14, 21 e 28 de agosto.<\/p>\n<p style=\"text-align: justify;\">Quem nasceu em janeiro, fevereiro e mar\u00e7o receber\u00e1 em 16, 23 e 30 de setembro. O quarto lote, para quem faz anivers\u00e1rio em abril, maio e junho, ser\u00e1 pago em 14, 21 e 31 de outubro. O abono, que vale um sal\u00e1rio m\u00ednimo, poder\u00e1 ser sacado nas ag\u00eancias da Caixa Econ\u00f4mica Federal.<\/p>\n<p style=\"text-align: justify;\">Os correntistas da Caixa ter\u00e3o uma vantagem. O benef\u00edcio ser\u00e1 depositado na conta-corrente em 15 de julho (para os nascidos em julho, agosto e setembro), 14 de agosto (nascidos em outubro, novembro e dezembro), 16 de setembro (nascidos em janeiro, fevereiro e mar\u00e7o) e 14 de outubro (nascidos em abril, maio e junho).<\/p>\n<p style=\"text-align: justify;\">Pago apenas aos servidores p\u00fablicos concursados, o Pasep poder\u00e1 ser sacado nas ag\u00eancias do Banco do Brasil. O pagamento ser\u00e1 feito em 15 de julho para os benefici\u00e1rios com final de inscri\u00e7\u00e3o 0 e 1, 14 de agosto (finais 2 e 3), 16 de setembro (finais 4 e 5) e 14 de outubro (finais 6, 7, 8 e 9). Os clientes do banco ter\u00e3o o benef\u00edcio depositado automaticamente.<\/p>\n<p style=\"text-align: justify;\">Quem n\u00e3o retirar o dinheiro at\u00e9 30 de junho de 2015 perde o benef\u00edcio. T\u00eam direito a receber o abono os empregados cadastrados no PIS-Pasep h\u00e1 pelo menos cinco anos que tenham recebido, em m\u00e9dia, at\u00e9 dois sal\u00e1rios m\u00ednimos nos meses trabalhados. Para sacar, o trabalhador deve apresentar carteira de identidade, carteira de trabalho ou o cart\u00e3o do PIS\/Pasep.<\/p>\n<p style=\"text-align: justify;\"><em>Fonte: Ag\u00eancia Brasil\u00a0<\/em><\/p>\n<p style=\"text-align: justify;\"><strong>Siga o SE Not\u00edcias pelo <a href=\"https:\/\/twitter.com\/Senoticias\" target=\"_blank\">Twitter<\/a> e curta pelo<a href=\"https:\/\/www.facebook.com\/PortalSENoticias?ref=hl&amp;ref_type=bookmark\" target=\"_blank\"> Facebook<\/a>\u00a0<\/strong><\/p>\n","protected":false},"excerpt":{"rendered":"<p>Os trabalhadores com carteira assinada que recebem at\u00e9 dois sal\u00e1rios m\u00ednimos ter\u00e3o um dinheiro extra a partir de julho. O Di\u00e1rio Oficial da Uni\u00e3o publicou nesta segunda-feira (23) o cronograma de pagamento do abono do Programa de Integra\u00e7\u00e3o Social (PIS) e do Programa de Forma\u00e7\u00e3o do Patrim\u00f4nio do Servidor P\u00fablico (Pasep). Os empregados da iniciativa [&hellip;]<\/p>\n","protected":false},"author":1,"featured_media":59253,"comment_status":"closed","ping_status":"closed","sticky":false,"template":"","format":"standard","meta":{"footnotes":""},"categories":[6],"tags":[],"class_list":{"0":"post-66094","1":"post","2":"type-post","3":"status-publish","4":"format-standard","5":"has-post-thumbnail","7":"category-politica"},"_links":{"self":[{"href":"https:\/\/senoticias.com.br\/se\/wp-json\/wp\/v2\/posts\/66094"}],"collection":[{"href":"https:\/\/senoticias.com.br\/se\/wp-json\/wp\/v2\/posts"}],"about":[{"href":"https:\/\/senoticias.com.br\/se\/wp-json\/wp\/v2\/types\/post"}],"author":[{"embeddable":true,"href":"https:\/\/senoticias.com.br\/se\/wp-json\/wp\/v2\/users\/1"}],"replies":[{"embeddable":true,"href":"https:\/\/senoticias.com.br\/se\/wp-json\/wp\/v2\/comments?post=66094"}],"version-history":[{"count":0,"href":"https:\/\/senoticias.com.br\/se\/wp-json\/wp\/v2\/posts\/66094\/revisions"}],"wp:featuredmedia":[{"embeddable":true,"href":"https:\/\/senoticias.com.br\/se\/wp-json\/wp\/v2\/media\/59253"}],"wp:attachment":[{"href":"https:\/\/senoticias.com.br\/se\/wp-json\/wp\/v2\/media?parent=66094"}],"wp:term":[{"taxonomy":"category","embeddable":true,"href":"https:\/\/senoticias.com.br\/se\/wp-json\/wp\/v2\/categories?post=66094"},{"taxonomy":"post_tag","embeddable":true,"href":"https:\/\/senoticias.com.br\/se\/wp-json\/wp\/v2\/tags?post=66094"}],"curies":[{"name":"wp","href":"https:\/\/api.w.org\/{rel}","templated":true}]}}