{"id":66092,"date":"2014-06-23T16:02:09","date_gmt":"2014-06-23T19:02:09","guid":{"rendered":"http:\/\/senoticias.com.br\/se\/?p=66092"},"modified":"2014-06-25T12:09:22","modified_gmt":"2014-06-25T15:09:22","slug":"mulher-morre-em-colisao-na-br-101-em-umbauba","status":"publish","type":"post","link":"https:\/\/senoticias.com.br\/se\/mulher-morre-em-colisao-na-br-101-em-umbauba\/","title":{"rendered":"Acidente mata duas mulheres da mesma fam\u00edlia em Umba\u00faba, SE"},"content":{"rendered":"<p style=\"text-align: justify;\">Uma colis\u00e3o frontal entre um carro de passeio e um caminh\u00e3o na tarde desta segunda-feira (23) vitimou duas mulheres da mesma fam\u00edlia. Al\u00e9m delas, estavam no carro e sobreviveram as duas crian\u00e7as, de 1 e 8 anos de idade,\u00a0 e o condutor do ve\u00edculo, um homem de 51 anos. Todos foram encaminhados para o hospital do munic\u00edpio de Umba\u00faba, em Sergipe.<\/p>\n<div id=\"attachment_66095\" style=\"width: 602px\" class=\"wp-caption aligncenter\"><a href=\"http:\/\/senoticias.com.br\/se\/wp-content\/uploads\/2014\/06\/IMG-20140623-WA0092.jpg\"><img loading=\"lazy\" decoding=\"async\" aria-describedby=\"caption-attachment-66095\" class=\"size-full wp-image-66095\" alt=\"Mulher morreu ap\u00f3s colis\u00e3o. (Foto: Cl\u00e9o Menezes)\" src=\"http:\/\/senoticias.com.br\/se\/wp-content\/uploads\/2014\/06\/IMG-20140623-WA0092.jpg\" width=\"592\" height=\"332\" srcset=\"https:\/\/senoticias.com.br\/se\/wp-content\/uploads\/2014\/06\/IMG-20140623-WA0092.jpg 592w, https:\/\/senoticias.com.br\/se\/wp-content\/uploads\/2014\/06\/IMG-20140623-WA0092-300x168.jpg 300w, https:\/\/senoticias.com.br\/se\/wp-content\/uploads\/2014\/06\/IMG-20140623-WA0092-342x191.jpg 342w\" sizes=\"(max-width: 592px) 100vw, 592px\" \/><\/a><p id=\"caption-attachment-66095\" class=\"wp-caption-text\">Mulher morreu ap\u00f3s colis\u00e3o. (Foto: Cl\u00e9o Menezes)<\/p><\/div>\n<p style=\"text-align: justify;\">Segundo informa\u00e7\u00f5es da Pol\u00edcia Rodovi\u00e1ria Federal (PRF), as duas mulheres morreram quando o carro modelo Astra bateu de frente ao caminh\u00e3o quando ambos trafegavam no KM 180 da BR 101, pr\u00f3ximo ao Povoado Palmeirinha, em Umba\u00faba.<\/p>\n<p style=\"text-align: justify;\">O carro tem placa de Maca\u00e9, no Rio de Janeiro, mas ainda n\u00e3o se sabe qual a origem e destino de viagem da fam\u00edlia.<\/p>\n<p style=\"text-align: justify;\">O Corpo de Bombeiros Militar (CBM) foi acionado para retirar os corpos que ficaram presos \u00e0s ferragens. Equipes do Servi\u00e7o de Atendimento M\u00f3vel de Urg\u00eancia (Samu) atenderam os sobreviventes que n\u00e3o tiveram ferimentos graves. J\u00e1 o motorista do caminh\u00e3o n\u00e3o se feriu.<\/p>\n<p style=\"text-align: justify;\">O Instituto M\u00e9dico Legal (IML) foi acionado para recolher os corpos das v\u00edtimas que at\u00e9 o fechamento desta reportagem continuavam no local do acidente.<\/p>\n<p style=\"text-align: justify;\">\u201cV\u00e1rias pessoas ligaram para a PRF, inclusive o motorista do caminh\u00e3o que informou que o condutor do carro perdeu o controle da dire\u00e7\u00e3o do ve\u00edculo em uma curva e que acabou batendo de frente contra ele. Outra pessoa que viu o acidente deu a mesma informa\u00e7\u00e3o, mas somente o laudo pericial feito pelos policiais vai poder confirmar o que realmente aconteceu\u201d, explica o policial rodovi\u00e1rio federal, Jos\u00e9 Teixeira.<\/p>\n<p style=\"text-align: justify;\">De acordo com o agente federal, colis\u00f5es frontais s\u00e3o as mais graves, pois geralmente resultam em mortes, por isso a import\u00e2ncia de se evitar ultrapassagens indevidas.<\/p>\n<p><em style=\"font-size: 13px;\"><strong>Informa\u00e7\u00f5es do G1 SE<\/strong><\/em><\/p>\n<p><strong>Siga o SE Not\u00edcias pelo <a href=\" https:\/\/twitter.com\/Senoticias\" target=\"_blank\">Twitter<\/a> e curta no <a href=\" https:\/\/www.facebook.com\/PortalSENoticias\" target=\"_blank\">Facebook<\/a><\/strong><\/p>\n","protected":false},"excerpt":{"rendered":"<p>Uma colis\u00e3o frontal entre um carro de passeio e um caminh\u00e3o na tarde desta segunda-feira (23) vitimou duas mulheres da mesma fam\u00edlia. Al\u00e9m delas, estavam no carro e sobreviveram as duas crian\u00e7as, de 1 e 8 anos de idade,\u00a0 e o condutor do ve\u00edculo, um homem de 51 anos. Todos foram encaminhados para o hospital [&hellip;]<\/p>\n","protected":false},"author":3,"featured_media":66095,"comment_status":"closed","ping_status":"closed","sticky":false,"template":"","format":"standard","meta":{"footnotes":""},"categories":[310,38],"tags":[],"class_list":{"0":"post-66092","1":"post","2":"type-post","3":"status-publish","4":"format-standard","5":"has-post-thumbnail","7":"category-destaques-da-semana","8":"category-municipios"},"_links":{"self":[{"href":"https:\/\/senoticias.com.br\/se\/wp-json\/wp\/v2\/posts\/66092"}],"collection":[{"href":"https:\/\/senoticias.com.br\/se\/wp-json\/wp\/v2\/posts"}],"about":[{"href":"https:\/\/senoticias.com.br\/se\/wp-json\/wp\/v2\/types\/post"}],"author":[{"embeddable":true,"href":"https:\/\/senoticias.com.br\/se\/wp-json\/wp\/v2\/users\/3"}],"replies":[{"embeddable":true,"href":"https:\/\/senoticias.com.br\/se\/wp-json\/wp\/v2\/comments?post=66092"}],"version-history":[{"count":0,"href":"https:\/\/senoticias.com.br\/se\/wp-json\/wp\/v2\/posts\/66092\/revisions"}],"wp:featuredmedia":[{"embeddable":true,"href":"https:\/\/senoticias.com.br\/se\/wp-json\/wp\/v2\/media\/66095"}],"wp:attachment":[{"href":"https:\/\/senoticias.com.br\/se\/wp-json\/wp\/v2\/media?parent=66092"}],"wp:term":[{"taxonomy":"category","embeddable":true,"href":"https:\/\/senoticias.com.br\/se\/wp-json\/wp\/v2\/categories?post=66092"},{"taxonomy":"post_tag","embeddable":true,"href":"https:\/\/senoticias.com.br\/se\/wp-json\/wp\/v2\/tags?post=66092"}],"curies":[{"name":"wp","href":"https:\/\/api.w.org\/{rel}","templated":true}]}}