{"id":66089,"date":"2014-06-23T15:21:05","date_gmt":"2014-06-23T18:21:05","guid":{"rendered":"http:\/\/senoticias.com.br\/se\/?p=66089"},"modified":"2014-06-23T15:48:22","modified_gmt":"2014-06-23T18:48:22","slug":"jovem-morre-com-suspeita-de-overdose-em-itabaiana","status":"publish","type":"post","link":"https:\/\/senoticias.com.br\/se\/jovem-morre-com-suspeita-de-overdose-em-itabaiana\/","title":{"rendered":"Jovem morre com suspeita de overdose em Itabaiana"},"content":{"rendered":"<div id=\"attachment_66091\" style=\"width: 235px\" class=\"wp-caption alignright\"><a href=\"http:\/\/senoticias.com.br\/se\/wp-content\/uploads\/2014\/06\/IMG-20140622-WA0160.jpg\"><img loading=\"lazy\" decoding=\"async\" aria-describedby=\"caption-attachment-66091\" class=\"size-medium wp-image-66091\" alt=\"A equipe m\u00e9dica tentou reanima-la, mas a jovem n\u00e3o conseguiu reagir.(Foto: Bastidores da Not\u00edcia\/WhatSapp)\" src=\"http:\/\/senoticias.com.br\/se\/wp-content\/uploads\/2014\/06\/IMG-20140622-WA0160-225x300.jpg\" width=\"225\" height=\"300\" srcset=\"https:\/\/senoticias.com.br\/se\/wp-content\/uploads\/2014\/06\/IMG-20140622-WA0160-225x300.jpg 225w, https:\/\/senoticias.com.br\/se\/wp-content\/uploads\/2014\/06\/IMG-20140622-WA0160-342x455.jpg 342w, https:\/\/senoticias.com.br\/se\/wp-content\/uploads\/2014\/06\/IMG-20140622-WA0160-300x400.jpg 300w, https:\/\/senoticias.com.br\/se\/wp-content\/uploads\/2014\/06\/IMG-20140622-WA0160.jpg 600w\" sizes=\"(max-width: 225px) 100vw, 225px\" \/><\/a><p id=\"caption-attachment-66091\" class=\"wp-caption-text\">A equipe m\u00e9dica tentou reanima-la, mas a jovem n\u00e3o conseguiu reagir.(Foto: Bastidores da Not\u00edcia\/WhatSapp)<\/p><\/div>\n<p style=\"text-align: justify;\">O corpo da jovem Jayne de Assis, de 19 anos, foi encaminhado para o Instituto M\u00e9dico Legal (IML) onde passar\u00e1 por aut\u00f3psia para identificar a real causa da morte. De acordo com informa\u00e7\u00f5es, ela pode ter morrido em decorr\u00eancia de uma overdose.<\/p>\n<p style=\"text-align: justify;\">Na tarde deste domingo (22), a jovem foi levada ainda com vida, mas inconsciente, para o Hospital Regional Dr. Pedro Garcia Moreno Filho, em Itabaiana. L\u00e1 a mo\u00e7a n\u00e3o resistiu e morreu. As primeiras suspeitas s\u00e3o de que o fato estava envolvido com o uso de coca\u00edna, mas s\u00f3 o laudo do IML poder\u00e1 confirmar.<\/p>\n<p style=\"text-align: justify;\">Segundo conhecidos de Jayne, ela era usu\u00e1ria de drogas e estava morando em um quarto de vila na cidade de Itabaiana.<\/p>\n<p style=\"text-align: justify;\">\n<strong>Siga o SE Not\u00edcias pelo <a href=\" https:\/\/twitter.com\/Senoticias\" target=\"_blank\">Twitter<\/a> e curta no <a href=\" https:\/\/www.facebook.com\/PortalSENoticias\" target=\"_blank\">Facebook<\/a><\/strong><\/p>\n<p><strong><em>Informa\u00e7\u00f5es do Jornal da Cidade<\/em><\/strong><\/p>\n","protected":false},"excerpt":{"rendered":"<p>O corpo da jovem Jayne de Assis, de 19 anos, foi encaminhado para o Instituto M\u00e9dico Legal (IML) onde passar\u00e1 por aut\u00f3psia para identificar a real causa da morte. De acordo com informa\u00e7\u00f5es, ela pode ter morrido em decorr\u00eancia de uma overdose. Na tarde deste domingo (22), a jovem foi levada ainda com vida, mas [&hellip;]<\/p>\n","protected":false},"author":1,"featured_media":66091,"comment_status":"closed","ping_status":"closed","sticky":false,"template":"","format":"standard","meta":{"footnotes":""},"categories":[7],"tags":[],"class_list":{"0":"post-66089","1":"post","2":"type-post","3":"status-publish","4":"format-standard","5":"has-post-thumbnail","7":"category-policia"},"_links":{"self":[{"href":"https:\/\/senoticias.com.br\/se\/wp-json\/wp\/v2\/posts\/66089"}],"collection":[{"href":"https:\/\/senoticias.com.br\/se\/wp-json\/wp\/v2\/posts"}],"about":[{"href":"https:\/\/senoticias.com.br\/se\/wp-json\/wp\/v2\/types\/post"}],"author":[{"embeddable":true,"href":"https:\/\/senoticias.com.br\/se\/wp-json\/wp\/v2\/users\/1"}],"replies":[{"embeddable":true,"href":"https:\/\/senoticias.com.br\/se\/wp-json\/wp\/v2\/comments?post=66089"}],"version-history":[{"count":0,"href":"https:\/\/senoticias.com.br\/se\/wp-json\/wp\/v2\/posts\/66089\/revisions"}],"wp:featuredmedia":[{"embeddable":true,"href":"https:\/\/senoticias.com.br\/se\/wp-json\/wp\/v2\/media\/66091"}],"wp:attachment":[{"href":"https:\/\/senoticias.com.br\/se\/wp-json\/wp\/v2\/media?parent=66089"}],"wp:term":[{"taxonomy":"category","embeddable":true,"href":"https:\/\/senoticias.com.br\/se\/wp-json\/wp\/v2\/categories?post=66089"},{"taxonomy":"post_tag","embeddable":true,"href":"https:\/\/senoticias.com.br\/se\/wp-json\/wp\/v2\/tags?post=66089"}],"curies":[{"name":"wp","href":"https:\/\/api.w.org\/{rel}","templated":true}]}}