{"id":66079,"date":"2014-06-23T13:25:54","date_gmt":"2014-06-23T16:25:54","guid":{"rendered":"http:\/\/senoticias.com.br\/se\/?p=66079"},"modified":"2014-06-25T06:44:01","modified_gmt":"2014-06-25T09:44:01","slug":"dnit-abre-desvio-em-local-onde-a-pista-cedeu-na-br-101","status":"publish","type":"post","link":"https:\/\/senoticias.com.br\/se\/dnit-abre-desvio-em-local-onde-a-pista-cedeu-na-br-101\/","title":{"rendered":"DNIT abre desvio em local onde a pista cedeu na BR 101"},"content":{"rendered":"<p style=\"text-align: justify;\"><em><strong>do A8SE.com<\/strong><\/em><\/p>\n<p style=\"text-align: justify;\"><em><strong><\/strong><\/em><br \/>\nOs motoristas j\u00e1 podem trafegar pela BR 101, no Km 94, na divisa dos munic\u00edpios de Socorro e S\u00e3o Crist\u00f3v\u00e3o, o tr\u00e2nsito foi desviado para pista ao lado, que est\u00e1 como m\u00e3o dupla. A medida foi tomada ap\u00f3s parte da pista ceder no in\u00edcio da manh\u00e3 desse domingo.<\/p>\n<div id=\"attachment_66082\" style=\"width: 598px\" class=\"wp-caption aligncenter\"><a href=\"http:\/\/senoticias.com.br\/se\/wp-content\/uploads\/2014\/06\/DSC_0120.jpg\"><img loading=\"lazy\" decoding=\"async\" aria-describedby=\"caption-attachment-66082\" class=\"size-full wp-image-66082\" alt=\"DNIT fez desvio at\u00e9 a pista ser reconstru\u00edda (Foto: SE Not\u00edcias)\" src=\"http:\/\/senoticias.com.br\/se\/wp-content\/uploads\/2014\/06\/DSC_0120.jpg\" width=\"588\" height=\"392\" srcset=\"https:\/\/senoticias.com.br\/se\/wp-content\/uploads\/2014\/06\/DSC_0120.jpg 588w, https:\/\/senoticias.com.br\/se\/wp-content\/uploads\/2014\/06\/DSC_0120-300x200.jpg 300w, https:\/\/senoticias.com.br\/se\/wp-content\/uploads\/2014\/06\/DSC_0120-342x228.jpg 342w\" sizes=\"(max-width: 588px) 100vw, 588px\" \/><\/a><p id=\"caption-attachment-66082\" class=\"wp-caption-text\">DNIT fez desvio at\u00e9 a pista ser reconstru\u00edda (Foto: SE Not\u00edcias)<\/p><\/div>\n<p style=\"text-align: justify;\">Ainda no final da tarde desse domingo (22), por volta das 17h30, m\u00e1quinas da empresa Queiroz Galv\u00e3o, respons\u00e1vel pela obra de duplica\u00e7\u00e3o da BR 101\/SE onde parte da pista de concreto cedeu, derrubaram cerca de 300 m da mureta divis\u00f3ria. A empresa providenciou a sinaliza\u00e7\u00e3o que est\u00e1 sendo permanentemente monitorada por equipes da PRF.<\/p>\n<p style=\"text-align: justify;\">De acordo com o chefe do Departamento Nacional de Infraestrutura de Transportes, Carlos Alberto Sarmento, esteve no local e falou que o excesso de umidade pode ter provocado o desabamento. \u201cAinda temos que periciar, mas preliminarmente posso dizer que provavelmente, o c\u00f3rrego que passa por aqui e est\u00e1 muito cheio, o que aumentou a umidade na funda\u00e7\u00e3o do aterro, que perdeu a resist\u00eancia e n\u00e3o suportou o peso\u201d, declarou o representante do DNIT.<\/p>\n<p>Por conta da pista de m\u00e3o dupla a Pol\u00edcia Rodovi\u00e1ria Federal (PRF)alerta aos motoristas que o trafego no local est\u00e1 lenta e requer cuidado dos condutores. A popula\u00e7\u00e3o poder\u00e1 tamb\u00e9m desviar o tr\u00e2nsito pela rodovia estadual Jo\u00e3o Bebe \u00c1gua ou pela Rodovia dos N\u00e1ufragos\/Ponte Joel Silveira.<\/p>\n<p><strong>Siga o SE Not\u00edcias pelo <a href=\" https:\/\/twitter.com\/Senoticias\" target=\"_blank\">Twitter<\/a> e curta no <a href=\" https:\/\/www.facebook.com\/PortalSENoticias\" target=\"_blank\">Facebook<\/a><\/strong><\/p>\n","protected":false},"excerpt":{"rendered":"<p>do A8SE.com Os motoristas j\u00e1 podem trafegar pela BR 101, no Km 94, na divisa dos munic\u00edpios de Socorro e S\u00e3o Crist\u00f3v\u00e3o, o tr\u00e2nsito foi desviado para pista ao lado, que est\u00e1 como m\u00e3o dupla. A medida foi tomada ap\u00f3s parte da pista ceder no in\u00edcio da manh\u00e3 desse domingo. Ainda no final da tarde [&hellip;]<\/p>\n","protected":false},"author":1,"featured_media":66082,"comment_status":"closed","ping_status":"closed","sticky":false,"template":"","format":"standard","meta":{"footnotes":""},"categories":[15,310,38],"tags":[],"class_list":{"0":"post-66079","1":"post","2":"type-post","3":"status-publish","4":"format-standard","5":"has-post-thumbnail","7":"category-destaques","8":"category-destaques-da-semana","9":"category-municipios"},"_links":{"self":[{"href":"https:\/\/senoticias.com.br\/se\/wp-json\/wp\/v2\/posts\/66079"}],"collection":[{"href":"https:\/\/senoticias.com.br\/se\/wp-json\/wp\/v2\/posts"}],"about":[{"href":"https:\/\/senoticias.com.br\/se\/wp-json\/wp\/v2\/types\/post"}],"author":[{"embeddable":true,"href":"https:\/\/senoticias.com.br\/se\/wp-json\/wp\/v2\/users\/1"}],"replies":[{"embeddable":true,"href":"https:\/\/senoticias.com.br\/se\/wp-json\/wp\/v2\/comments?post=66079"}],"version-history":[{"count":0,"href":"https:\/\/senoticias.com.br\/se\/wp-json\/wp\/v2\/posts\/66079\/revisions"}],"wp:featuredmedia":[{"embeddable":true,"href":"https:\/\/senoticias.com.br\/se\/wp-json\/wp\/v2\/media\/66082"}],"wp:attachment":[{"href":"https:\/\/senoticias.com.br\/se\/wp-json\/wp\/v2\/media?parent=66079"}],"wp:term":[{"taxonomy":"category","embeddable":true,"href":"https:\/\/senoticias.com.br\/se\/wp-json\/wp\/v2\/categories?post=66079"},{"taxonomy":"post_tag","embeddable":true,"href":"https:\/\/senoticias.com.br\/se\/wp-json\/wp\/v2\/tags?post=66079"}],"curies":[{"name":"wp","href":"https:\/\/api.w.org\/{rel}","templated":true}]}}