{"id":66074,"date":"2014-06-23T13:04:52","date_gmt":"2014-06-23T16:04:52","guid":{"rendered":"http:\/\/senoticias.com.br\/se\/?p=66074"},"modified":"2014-06-23T13:05:52","modified_gmt":"2014-06-23T16:05:52","slug":"confira-o-que-abre-e-fecha-no-feriado-de-sao-joao","status":"publish","type":"post","link":"https:\/\/senoticias.com.br\/se\/confira-o-que-abre-e-fecha-no-feriado-de-sao-joao\/","title":{"rendered":"Confira o que abre e fecha no feriado de S\u00e3o Jo\u00e3o"},"content":{"rendered":"<div id=\"attachment_62884\" style=\"width: 310px\" class=\"wp-caption alignright\"><a href=\"http:\/\/senoticias.com.br\/se\/wp-content\/uploads\/2014\/04\/hjegf.jpg\"><img loading=\"lazy\" decoding=\"async\" aria-describedby=\"caption-attachment-62884\" class=\"size-medium wp-image-62884\" alt=\"Veja  o que abre e fecha nos festejos juninos.(Foto: Divulga\u00e7\u00e3o) \" src=\"http:\/\/senoticias.com.br\/se\/wp-content\/uploads\/2014\/04\/hjegf-300x251.jpg\" width=\"300\" height=\"251\" srcset=\"https:\/\/senoticias.com.br\/se\/wp-content\/uploads\/2014\/04\/hjegf-300x251.jpg 300w, https:\/\/senoticias.com.br\/se\/wp-content\/uploads\/2014\/04\/hjegf-342x286.jpg 342w, https:\/\/senoticias.com.br\/se\/wp-content\/uploads\/2014\/04\/hjegf.jpg 500w\" sizes=\"(max-width: 300px) 100vw, 300px\" \/><\/a><p id=\"caption-attachment-62884\" class=\"wp-caption-text\">Veja o que abre e fecha nos festejos juninos.(Foto: Divulga\u00e7\u00e3o)<\/p><\/div>\n<p style=\"text-align: justify;\">Com o jogo da sele\u00e7\u00e3o brasileira nesta segunda e o feriado de S\u00e3o Jo\u00e3o nesta ter\u00e7a-feira (24) alguns servi\u00e7os e estabelecimentos comerciais v\u00e3o ter seus hor\u00e1rios de funcionamento modificados. Confira o que atento e confira o que abre e fecha.<\/p>\n<p style=\"text-align: justify;\"><strong>Shoppings<\/strong><\/p>\n<p style=\"text-align: justify;\">Durante o jogo do Brasil, os shoppings da capital ir\u00e3o funcionar at\u00e9 \u00e0s 16:30 e n\u00e3o abrir\u00e3o ap\u00f3s a partida. Nesta ter\u00e7a-feira, feriado de S\u00e3o Jo\u00e3o, apenas as pra\u00e7as de alimenta\u00e7\u00e3o e \u00e1rea de lazer atendem o p\u00fablico das 12h \u00e0s 22h. J\u00e1 as lojas e quiosques n\u00e3o ir\u00e3o abrir. Os cinemas funcionam de acordo com a grade de programa\u00e7\u00e3o. Na quarta-feira (25) o hor\u00e1rio de funcionamento volta ao normal.<\/p>\n<p style=\"text-align: justify;\"><strong>Supermercados<\/strong><\/p>\n<p style=\"text-align: justify;\">Os supermercados v\u00e3o funcionar nesta segunda-feira at\u00e9 \u00e0s 16h30 e reabrem \u00e0s 7h15. Nesta ter\u00e7a (24) ir\u00e3o permanecer fechados durante todo o dia.<\/p>\n<p style=\"text-align: justify;\"><strong>Com\u00e9rcio e Ag\u00eancias Banc\u00e1rias<\/strong><\/p>\n<p style=\"text-align: justify;\">As lojas do centro comercial e os bancos estar\u00e3o fechadas neste feriado de S\u00e3o Jo\u00e3o.<\/p>\n<p style=\"text-align: justify;\"><strong>Mercado Central<\/strong><\/p>\n<p style=\"text-align: justify;\">O mercado central abre neste feriado de S\u00e3o Jo\u00e3o at\u00e9 \u00e0s 12h<\/p>\n<p style=\"text-align: justify;\"><em>Com informa\u00e7\u00f5es do A8SE\u00a0<\/em><\/p>\n<p style=\"text-align: justify;\"><strong>Siga o SE Not\u00edcias pelo <a href=\"https:\/\/twitter.com\/Senoticias\" target=\"_blank\">Twitter<\/a> e curta pelo <a href=\"https:\/\/www.facebook.com\/PortalSENoticias?ref_type=bookmark\" target=\"_blank\">Facebook\u00a0<\/a><\/strong><\/p>\n","protected":false},"excerpt":{"rendered":"<p>Com o jogo da sele\u00e7\u00e3o brasileira nesta segunda e o feriado de S\u00e3o Jo\u00e3o nesta ter\u00e7a-feira (24) alguns servi\u00e7os e estabelecimentos comerciais v\u00e3o ter seus hor\u00e1rios de funcionamento modificados. Confira o que atento e confira o que abre e fecha. Shoppings Durante o jogo do Brasil, os shoppings da capital ir\u00e3o funcionar at\u00e9 \u00e0s 16:30 [&hellip;]<\/p>\n","protected":false},"author":1,"featured_media":62884,"comment_status":"closed","ping_status":"closed","sticky":false,"template":"","format":"standard","meta":{"footnotes":""},"categories":[38],"tags":[],"class_list":{"0":"post-66074","1":"post","2":"type-post","3":"status-publish","4":"format-standard","5":"has-post-thumbnail","7":"category-municipios"},"_links":{"self":[{"href":"https:\/\/senoticias.com.br\/se\/wp-json\/wp\/v2\/posts\/66074"}],"collection":[{"href":"https:\/\/senoticias.com.br\/se\/wp-json\/wp\/v2\/posts"}],"about":[{"href":"https:\/\/senoticias.com.br\/se\/wp-json\/wp\/v2\/types\/post"}],"author":[{"embeddable":true,"href":"https:\/\/senoticias.com.br\/se\/wp-json\/wp\/v2\/users\/1"}],"replies":[{"embeddable":true,"href":"https:\/\/senoticias.com.br\/se\/wp-json\/wp\/v2\/comments?post=66074"}],"version-history":[{"count":0,"href":"https:\/\/senoticias.com.br\/se\/wp-json\/wp\/v2\/posts\/66074\/revisions"}],"wp:featuredmedia":[{"embeddable":true,"href":"https:\/\/senoticias.com.br\/se\/wp-json\/wp\/v2\/media\/62884"}],"wp:attachment":[{"href":"https:\/\/senoticias.com.br\/se\/wp-json\/wp\/v2\/media?parent=66074"}],"wp:term":[{"taxonomy":"category","embeddable":true,"href":"https:\/\/senoticias.com.br\/se\/wp-json\/wp\/v2\/categories?post=66074"},{"taxonomy":"post_tag","embeddable":true,"href":"https:\/\/senoticias.com.br\/se\/wp-json\/wp\/v2\/tags?post=66074"}],"curies":[{"name":"wp","href":"https:\/\/api.w.org\/{rel}","templated":true}]}}