{"id":66066,"date":"2014-06-23T13:03:32","date_gmt":"2014-06-23T16:03:32","guid":{"rendered":"http:\/\/senoticias.com.br\/se\/?p=66066"},"modified":"2014-06-24T10:39:16","modified_gmt":"2014-06-24T13:39:16","slug":"marido-e-suspeito-de-matar-esposa-com-tiro-na-cabeca-em-estancia","status":"publish","type":"post","link":"https:\/\/senoticias.com.br\/se\/marido-e-suspeito-de-matar-esposa-com-tiro-na-cabeca-em-estancia\/","title":{"rendered":"Marido \u00e9 suspeito de matar esposa com tiro na cabe\u00e7a, em Est\u00e2ncia"},"content":{"rendered":"<p style=\"text-align: justify;\"><em><strong>Do G1 SE<\/strong><\/em><\/p>\n<div id=\"attachment_21098\" style=\"width: 310px\" class=\"wp-caption alignright\"><a href=\"http:\/\/senoticias.com.br\/se\/wp-content\/uploads\/2011\/12\/IML.jpg\"><img loading=\"lazy\" decoding=\"async\" aria-describedby=\"caption-attachment-21098\" class=\"size-medium wp-image-21098\" alt=\"V\u00edtima tinha apenas 19 anos de idade. (Foto:Divulga\u00e7\u00e3o\/Internet)\" src=\"http:\/\/senoticias.com.br\/se\/wp-content\/uploads\/2011\/12\/IML-300x225.jpg\" width=\"300\" height=\"225\" srcset=\"https:\/\/senoticias.com.br\/se\/wp-content\/uploads\/2011\/12\/IML-300x225.jpg 300w, https:\/\/senoticias.com.br\/se\/wp-content\/uploads\/2011\/12\/IML-342x256.jpg 342w, https:\/\/senoticias.com.br\/se\/wp-content\/uploads\/2011\/12\/IML-60x45.jpg 60w, https:\/\/senoticias.com.br\/se\/wp-content\/uploads\/2011\/12\/IML-150x113.jpg 150w, https:\/\/senoticias.com.br\/se\/wp-content\/uploads\/2011\/12\/IML-269x201.jpg 269w, https:\/\/senoticias.com.br\/se\/wp-content\/uploads\/2011\/12\/IML.jpg 500w\" sizes=\"(max-width: 300px) 100vw, 300px\" \/><\/a><p id=\"caption-attachment-21098\" class=\"wp-caption-text\">V\u00edtima tinha apenas 19 anos de idade. (Foto:Divulga\u00e7\u00e3o\/Internet)<\/p><\/div>\n<p style=\"text-align: justify;\">Um homem \u00e9 suspeito de matar a companheira de 19 anos de idade, com um tiro na cabe\u00e7a, por volta das 2h da madrugada deste \u00faltimo domingo (22), no munic\u00edpio de Est\u00e2ncia, na regi\u00e3o Sul de Sergipe.<\/p>\n<p style=\"text-align: justify;\">De acordo com a pol\u00edcia, ap\u00f3s uma discuss\u00e3o entre o casal, os vizinhos ouviram disparos de arma de fogo vindos da resid\u00eancia.<\/p>\n<p style=\"text-align: justify;\">O suspeito chegou a levar a v\u00edtima para o Hospital Regional de Est\u00e2ncia, mas ela n\u00e3o resistiu e veio a \u00f3bito.<\/p>\n<p style=\"text-align: justify;\">Ainda segundo a pol\u00edcia, o suspeito que \u00e9 do estado de Alagoas est\u00e1 foragido e ainda n\u00e3o foi localizado pela pol\u00edcia.<\/p>\n<p><strong>Siga o SE Not\u00edcias pelo <a href=\" https:\/\/twitter.com\/Senoticias\" target=\"_blank\">Twitter<\/a> e curta no<a href=\" https:\/\/www.facebook.com\/PortalSENoticias\" target=\"_blank\"> Facebook<\/a><\/strong><\/p>\n","protected":false},"excerpt":{"rendered":"<p>Do G1 SE Um homem \u00e9 suspeito de matar a companheira de 19 anos de idade, com um tiro na cabe\u00e7a, por volta das 2h da madrugada deste \u00faltimo domingo (22), no munic\u00edpio de Est\u00e2ncia, na regi\u00e3o Sul de Sergipe. De acordo com a pol\u00edcia, ap\u00f3s uma discuss\u00e3o entre o casal, os vizinhos ouviram disparos [&hellip;]<\/p>\n","protected":false},"author":3,"featured_media":21098,"comment_status":"closed","ping_status":"closed","sticky":false,"template":"","format":"standard","meta":{"footnotes":""},"categories":[7],"tags":[],"class_list":{"0":"post-66066","1":"post","2":"type-post","3":"status-publish","4":"format-standard","5":"has-post-thumbnail","7":"category-policia"},"_links":{"self":[{"href":"https:\/\/senoticias.com.br\/se\/wp-json\/wp\/v2\/posts\/66066"}],"collection":[{"href":"https:\/\/senoticias.com.br\/se\/wp-json\/wp\/v2\/posts"}],"about":[{"href":"https:\/\/senoticias.com.br\/se\/wp-json\/wp\/v2\/types\/post"}],"author":[{"embeddable":true,"href":"https:\/\/senoticias.com.br\/se\/wp-json\/wp\/v2\/users\/3"}],"replies":[{"embeddable":true,"href":"https:\/\/senoticias.com.br\/se\/wp-json\/wp\/v2\/comments?post=66066"}],"version-history":[{"count":0,"href":"https:\/\/senoticias.com.br\/se\/wp-json\/wp\/v2\/posts\/66066\/revisions"}],"wp:featuredmedia":[{"embeddable":true,"href":"https:\/\/senoticias.com.br\/se\/wp-json\/wp\/v2\/media\/21098"}],"wp:attachment":[{"href":"https:\/\/senoticias.com.br\/se\/wp-json\/wp\/v2\/media?parent=66066"}],"wp:term":[{"taxonomy":"category","embeddable":true,"href":"https:\/\/senoticias.com.br\/se\/wp-json\/wp\/v2\/categories?post=66066"},{"taxonomy":"post_tag","embeddable":true,"href":"https:\/\/senoticias.com.br\/se\/wp-json\/wp\/v2\/tags?post=66066"}],"curies":[{"name":"wp","href":"https:\/\/api.w.org\/{rel}","templated":true}]}}