{"id":65962,"date":"2014-06-20T18:09:03","date_gmt":"2014-06-20T21:09:03","guid":{"rendered":"http:\/\/senoticias.com.br\/se\/?p=65962"},"modified":"2014-06-20T18:09:03","modified_gmt":"2014-06-20T21:09:03","slug":"portarias-liberam-recursos-federais-para-escolas","status":"publish","type":"post","link":"https:\/\/senoticias.com.br\/se\/portarias-liberam-recursos-federais-para-escolas\/","title":{"rendered":"Portarias liberam recursos federais para escolas"},"content":{"rendered":"<div id=\"attachment_65967\" style=\"width: 310px\" class=\"wp-caption alignright\"><a href=\"http:\/\/senoticias.com.br\/se\/wp-content\/uploads\/2014\/06\/n7478_2.jpg\"><img loading=\"lazy\" decoding=\"async\" aria-describedby=\"caption-attachment-65967\" class=\"size-medium wp-image-65967 \" alt=\"Foto: Reprodu\u00e7\u00e3o \" src=\"http:\/\/senoticias.com.br\/se\/wp-content\/uploads\/2014\/06\/n7478_2-300x200.jpg\" width=\"300\" height=\"200\" srcset=\"https:\/\/senoticias.com.br\/se\/wp-content\/uploads\/2014\/06\/n7478_2-300x200.jpg 300w, https:\/\/senoticias.com.br\/se\/wp-content\/uploads\/2014\/06\/n7478_2-1024x682.jpg 1024w, https:\/\/senoticias.com.br\/se\/wp-content\/uploads\/2014\/06\/n7478_2-342x228.jpg 342w\" sizes=\"(max-width: 300px) 100vw, 300px\" \/><\/a><p id=\"caption-attachment-65967\" class=\"wp-caption-text\">Foto: Reprodu\u00e7\u00e3o\/SEED<\/p><\/div>\n<p style=\"text-align: justify;\">A autoriza\u00e7\u00e3o para o Fundo Nacional de Desenvolvimento da Educa\u00e7\u00e3o (FNDE) transferir recursos \u00e0 educa\u00e7\u00e3o infantil foi publicada no \u00faltimo dia 18, no Di\u00e1rio Oficial da Uni\u00e3o (DOU). As Portarias 16\/2014 e 18\/2014 da Secretaria de Educa\u00e7\u00e3o B\u00e1sica do Minist\u00e9rio de Educa\u00e7\u00e3o (SEB\/MEC) tratam de investimento de verba federal para o desenvolvimento da Educa\u00e7\u00e3o nos Munic\u00edpios brasileiros.<\/p>\n<p style=\"text-align: justify;\">Por meio da Portaria 16\/2014, o repasse de recursos ser\u00e1 para a manuten\u00e7\u00e3o de novas matr\u00edculas em novas turmas da educa\u00e7\u00e3o infantil. Isso para aqueles munic\u00edpios que pleitearam o recurso conforme dados inseridos no Sistema Integrado de Monitoramento Execu\u00e7\u00e3o e Controle (Simec) &#8211; M\u00f3dulo E.I. Manuten\u00e7\u00e3o &#8211; Novas Turmas de Educa\u00e7\u00e3o Infantil.<\/p>\n<p style=\"text-align: justify;\">O dinheiro liberado por essa medida deve chegar aos estabelecimentos educacionais p\u00fablicos, institui\u00e7\u00f5es comunit\u00e1rias, confessionais ou filantr\u00f3picas sem fins lucrativos conveniadas, que tenham cadastradas novas matr\u00edculas em novas turmas. Esses ainda n\u00e3o recebem recursos do Fundo de Manuten\u00e7\u00e3o e Desenvolvimento da Educa\u00e7\u00e3o B\u00e1sica e de Valoriza\u00e7\u00e3o dos Profissionais da Educa\u00e7\u00e3o (Fundeb), conforme trata a Resolu\u00e7\u00e3o 16\/2013.<\/p>\n<p style=\"text-align: justify;\"><strong>Suplementar<\/strong><\/p>\n<p style=\"text-align: justify;\">J\u00e1, a Portaria 18\/2014 trata da transfer\u00eancia de verba suplementar para manuten\u00e7\u00e3o e desenvolvimento da educa\u00e7\u00e3o de crian\u00e7as de zero a 48 meses benefici\u00e1rias do Programa Bolsa Fam\u00edlia. O montante ser\u00e1 partilhado de acordo com o informado no Censo Escolar da Educa\u00e7\u00e3o B\u00e1sica do ano anterior, e conforme a Resolu\u00e7\u00e3o 17\/2013.<\/p>\n<p style=\"text-align: justify;\"><em>Fonte: Ag\u00eancia CNM \/ Amurces\u00a0<\/em><\/p>\n<p style=\"text-align: justify;\"><strong>Siga o SE Not\u00edcias pelo <a href=\"https:\/\/twitter.com\/Senoticias\" target=\"_blank\">Twitter<\/a> e curta pelo<a href=\"https:\/\/www.facebook.com\/PortalSENoticias?ref_type=bookmark\" target=\"_blank\"> Facebook\u00a0<\/a><\/strong><\/p>\n","protected":false},"excerpt":{"rendered":"<p>A autoriza\u00e7\u00e3o para o Fundo Nacional de Desenvolvimento da Educa\u00e7\u00e3o (FNDE) transferir recursos \u00e0 educa\u00e7\u00e3o infantil foi publicada no \u00faltimo dia 18, no Di\u00e1rio Oficial da Uni\u00e3o (DOU). As Portarias 16\/2014 e 18\/2014 da Secretaria de Educa\u00e7\u00e3o B\u00e1sica do Minist\u00e9rio de Educa\u00e7\u00e3o (SEB\/MEC) tratam de investimento de verba federal para o desenvolvimento da Educa\u00e7\u00e3o nos [&hellip;]<\/p>\n","protected":false},"author":1,"featured_media":65967,"comment_status":"closed","ping_status":"closed","sticky":false,"template":"","format":"standard","meta":{"footnotes":""},"categories":[44],"tags":[],"class_list":{"0":"post-65962","1":"post","2":"type-post","3":"status-publish","4":"format-standard","5":"has-post-thumbnail","7":"category-educacao"},"_links":{"self":[{"href":"https:\/\/senoticias.com.br\/se\/wp-json\/wp\/v2\/posts\/65962"}],"collection":[{"href":"https:\/\/senoticias.com.br\/se\/wp-json\/wp\/v2\/posts"}],"about":[{"href":"https:\/\/senoticias.com.br\/se\/wp-json\/wp\/v2\/types\/post"}],"author":[{"embeddable":true,"href":"https:\/\/senoticias.com.br\/se\/wp-json\/wp\/v2\/users\/1"}],"replies":[{"embeddable":true,"href":"https:\/\/senoticias.com.br\/se\/wp-json\/wp\/v2\/comments?post=65962"}],"version-history":[{"count":0,"href":"https:\/\/senoticias.com.br\/se\/wp-json\/wp\/v2\/posts\/65962\/revisions"}],"wp:featuredmedia":[{"embeddable":true,"href":"https:\/\/senoticias.com.br\/se\/wp-json\/wp\/v2\/media\/65967"}],"wp:attachment":[{"href":"https:\/\/senoticias.com.br\/se\/wp-json\/wp\/v2\/media?parent=65962"}],"wp:term":[{"taxonomy":"category","embeddable":true,"href":"https:\/\/senoticias.com.br\/se\/wp-json\/wp\/v2\/categories?post=65962"},{"taxonomy":"post_tag","embeddable":true,"href":"https:\/\/senoticias.com.br\/se\/wp-json\/wp\/v2\/tags?post=65962"}],"curies":[{"name":"wp","href":"https:\/\/api.w.org\/{rel}","templated":true}]}}