{"id":65784,"date":"2014-06-16T17:10:22","date_gmt":"2014-06-16T20:10:22","guid":{"rendered":"http:\/\/senoticias.com.br\/se\/?p=65784"},"modified":"2014-06-16T17:10:22","modified_gmt":"2014-06-16T20:10:22","slug":"instituto-federal-de-sergipe-abre-inscricoes-para-editais-de-pesquisa","status":"publish","type":"post","link":"https:\/\/senoticias.com.br\/se\/instituto-federal-de-sergipe-abre-inscricoes-para-editais-de-pesquisa\/","title":{"rendered":"Instituto Federal de Sergipe abre inscri\u00e7\u00f5es para editais de pesquisa"},"content":{"rendered":"<div id=\"attachment_53375\" style=\"width: 310px\" class=\"wp-caption alignright\"><a href=\"http:\/\/senoticias.com.br\/se\/wp-content\/uploads\/2013\/10\/grande-IFS_281220111.jpg\"><img loading=\"lazy\" decoding=\"async\" aria-describedby=\"caption-attachment-53375\" class=\"size-medium wp-image-53375\" alt=\"O resultado preliminar da sele\u00e7\u00e3o ser\u00e1 divulgado no dia 22 de julho. (Foto: Divulga\u00e7\u00e3o)\" src=\"http:\/\/senoticias.com.br\/se\/wp-content\/uploads\/2013\/10\/grande-IFS_281220111-300x199.jpg\" width=\"300\" height=\"199\" srcset=\"https:\/\/senoticias.com.br\/se\/wp-content\/uploads\/2013\/10\/grande-IFS_281220111-300x199.jpg 300w, https:\/\/senoticias.com.br\/se\/wp-content\/uploads\/2013\/10\/grande-IFS_281220111-342x227.jpg 342w, https:\/\/senoticias.com.br\/se\/wp-content\/uploads\/2013\/10\/grande-IFS_281220111.jpg 500w\" sizes=\"(max-width: 300px) 100vw, 300px\" \/><\/a><p id=\"caption-attachment-53375\" class=\"wp-caption-text\">O resultado preliminar da sele\u00e7\u00e3o ser\u00e1 divulgado no dia 22 de julho. (Foto: Divulga\u00e7\u00e3o)<\/p><\/div>\n<p style=\"text-align: justify;\">O Instituto Federal de Sergipe (IFS), atrav\u00e9s da Pr\u00f3-Reitoria de Pesquisa e Extens\u00e3o (Propex), recebe, at\u00e9 o dia 6 de julho, inscri\u00e7\u00f5es para quatro editais de programas institucionais de bolsas. S\u00e3o eles os de Inicia\u00e7\u00e3o Cient\u00edfica (<a href=\"http:\/\/www.ifs.edu.br\/images\/Edital_20_2014_PIBIC_CNPq_FAPITEC_2014.pdf\" target=\"_blank\"><strong>Pibic<\/strong><\/a>); de Inicia\u00e7\u00e3o Cient\u00edfica para o Ensino M\u00e9dio (<a href=\"http:\/\/www.ifs.edu.br\/images\/Edital_22_2014_PIBIC_EM_CNPq_2014.pdf\" target=\"_blank\"><strong>Pibic EM<\/strong><\/a>); de Inicia\u00e7\u00e3o Cient\u00edfica para A\u00e7\u00f5es Afirmativas (<strong><a href=\"http:\/\/www.ifs.edu.br\/images\/Edital_23_2014_PIBIC_Af_CNPq_2014.pdf\" target=\"_blank\">Pibic Af<\/a><\/strong>); e de Inicia\u00e7\u00e3o Cient\u00edfica em Desenvolvimento Tecnol\u00f3gico e Inova\u00e7\u00e3o (<a href=\"http:\/\/www.ifs.edu.br\/images\/Edital_21_2014_PIBITI_CNPq_FAPITEC.pdf\" target=\"_blank\"><strong>Pibiti<\/strong><\/a>).<\/p>\n<p style=\"text-align: justify;\">Os quatro editais est\u00e3o vinculados ao Conselho Nacional de Desenvolvimento Cient\u00edfico e Tecnol\u00f3gico (CNPq) e \u00e0 Funda\u00e7\u00e3o de Apoio \u00e0 Pesquisa e \u00e0 Inova\u00e7\u00e3o Tecnol\u00f3gica do Estado de Sergipe (Fapitec-SE) e abrangem projetos com dura\u00e7\u00e3o de 12 meses.<\/p>\n<p style=\"text-align: justify;\">O resultado preliminar da sele\u00e7\u00e3o ser\u00e1 divulgado no dia 22 de julho, seguido da interposi\u00e7\u00e3o de recursos, que pode ser feita no dia 23 do mesmo m\u00eas. A divulga\u00e7\u00e3o do resultado final est\u00e1 prevista para o dia 25 de julho. O in\u00edcio da execu\u00e7\u00e3o dos projetos est\u00e1 prevista para o dia 1\u00ba de agosto.<\/p>\n<p style=\"text-align: justify;\"><em>* Com informa\u00e7\u00f5es do IFS.\u00a0<\/em><\/p>\n<p style=\"text-align: justify;\"><strong>Siga o SE Not\u00edcias pelo <a href=\"https:\/\/twitter.com\/Senoticias\" target=\"_blank\">Twitter<\/a> e curta pelo <a href=\"https:\/\/www.facebook.com\/PortalSENoticias?ref=hl&amp;ref_type=bookmark\" target=\"_blank\">Facebook\u00a0<\/a><\/strong><\/p>\n","protected":false},"excerpt":{"rendered":"<p>O Instituto Federal de Sergipe (IFS), atrav\u00e9s da Pr\u00f3-Reitoria de Pesquisa e Extens\u00e3o (Propex), recebe, at\u00e9 o dia 6 de julho, inscri\u00e7\u00f5es para quatro editais de programas institucionais de bolsas. S\u00e3o eles os de Inicia\u00e7\u00e3o Cient\u00edfica (Pibic); de Inicia\u00e7\u00e3o Cient\u00edfica para o Ensino M\u00e9dio (Pibic EM); de Inicia\u00e7\u00e3o Cient\u00edfica para A\u00e7\u00f5es Afirmativas (Pibic Af); e [&hellip;]<\/p>\n","protected":false},"author":1,"featured_media":53375,"comment_status":"closed","ping_status":"closed","sticky":false,"template":"","format":"standard","meta":{"footnotes":""},"categories":[44],"tags":[],"class_list":{"0":"post-65784","1":"post","2":"type-post","3":"status-publish","4":"format-standard","5":"has-post-thumbnail","7":"category-educacao"},"_links":{"self":[{"href":"https:\/\/senoticias.com.br\/se\/wp-json\/wp\/v2\/posts\/65784"}],"collection":[{"href":"https:\/\/senoticias.com.br\/se\/wp-json\/wp\/v2\/posts"}],"about":[{"href":"https:\/\/senoticias.com.br\/se\/wp-json\/wp\/v2\/types\/post"}],"author":[{"embeddable":true,"href":"https:\/\/senoticias.com.br\/se\/wp-json\/wp\/v2\/users\/1"}],"replies":[{"embeddable":true,"href":"https:\/\/senoticias.com.br\/se\/wp-json\/wp\/v2\/comments?post=65784"}],"version-history":[{"count":0,"href":"https:\/\/senoticias.com.br\/se\/wp-json\/wp\/v2\/posts\/65784\/revisions"}],"wp:featuredmedia":[{"embeddable":true,"href":"https:\/\/senoticias.com.br\/se\/wp-json\/wp\/v2\/media\/53375"}],"wp:attachment":[{"href":"https:\/\/senoticias.com.br\/se\/wp-json\/wp\/v2\/media?parent=65784"}],"wp:term":[{"taxonomy":"category","embeddable":true,"href":"https:\/\/senoticias.com.br\/se\/wp-json\/wp\/v2\/categories?post=65784"},{"taxonomy":"post_tag","embeddable":true,"href":"https:\/\/senoticias.com.br\/se\/wp-json\/wp\/v2\/tags?post=65784"}],"curies":[{"name":"wp","href":"https:\/\/api.w.org\/{rel}","templated":true}]}}