{"id":64361,"date":"2014-05-19T18:46:17","date_gmt":"2014-05-19T21:46:17","guid":{"rendered":"http:\/\/senoticias.com.br\/se\/?p=64361"},"modified":"2014-05-19T18:46:17","modified_gmt":"2014-05-19T21:46:17","slug":"ufs-gabaritos-do-concurso-para-tecnico-administrativos-sao-divulgados","status":"publish","type":"post","link":"https:\/\/senoticias.com.br\/se\/ufs-gabaritos-do-concurso-para-tecnico-administrativos-sao-divulgados\/","title":{"rendered":"UFS: Gabaritos do concurso para t\u00e9cnico-administrativos s\u00e3o divulgados"},"content":{"rendered":"<div id=\"attachment_59488\" style=\"width: 310px\" class=\"wp-caption alignright\"><a href=\"http:\/\/senoticias.com.br\/se\/wp-content\/uploads\/2014\/02\/grande-ufs_grande_novo_291011.jpg\"><img loading=\"lazy\" decoding=\"async\" aria-describedby=\"caption-attachment-59488\" class=\"size-medium wp-image-59488\" alt=\" (Foto: Divulga\u00e7\u00e3o) \" src=\"http:\/\/senoticias.com.br\/se\/wp-content\/uploads\/2014\/02\/grande-ufs_grande_novo_291011-300x225.jpg\" width=\"300\" height=\"225\" srcset=\"https:\/\/senoticias.com.br\/se\/wp-content\/uploads\/2014\/02\/grande-ufs_grande_novo_291011-300x225.jpg 300w, https:\/\/senoticias.com.br\/se\/wp-content\/uploads\/2014\/02\/grande-ufs_grande_novo_291011-342x256.jpg 342w, https:\/\/senoticias.com.br\/se\/wp-content\/uploads\/2014\/02\/grande-ufs_grande_novo_291011-60x45.jpg 60w, https:\/\/senoticias.com.br\/se\/wp-content\/uploads\/2014\/02\/grande-ufs_grande_novo_291011-150x113.jpg 150w, https:\/\/senoticias.com.br\/se\/wp-content\/uploads\/2014\/02\/grande-ufs_grande_novo_291011-269x201.jpg 269w, https:\/\/senoticias.com.br\/se\/wp-content\/uploads\/2014\/02\/grande-ufs_grande_novo_291011.jpg 700w\" sizes=\"(max-width: 300px) 100vw, 300px\" \/><\/a><p id=\"caption-attachment-59488\" class=\"wp-caption-text\">(Foto: Divulga\u00e7\u00e3o)<\/p><\/div>\n<p style=\"text-align: justify;\">Mais de 37 mil candidatos participaram do concurso para o cargo de t\u00e9cnico administrativo da Universidade Federal de Sergipe (UFS), cujas provas foram aplicadas no domingo (18). O concurso ofereceu 196 vagas para 41 cargos distribu\u00eddos entre os n\u00edveis fundamental, m\u00e9dio e superior.<\/p>\n<p>A prova teve 50 quest\u00f5es de m\u00faltipla escolha, no qual os candidatos tiveram que responder acerca de conhecimentos gerais e espec\u00edficos.<\/p>\n<p>O postulante a uma das vagas pode conferir os gabaritos e as provas atrav\u00e9s do site da Coordena\u00e7\u00e3o de Concurso e Vestibular (CCV).<\/p>\n<p><a href=\"http:\/\/www2.ccv.ufs.br\/ccv\/concursos\/concursogrh2014\/gabarito\/Gab%20101%20a%20114.pdf\" target=\"_blank\"><strong>Cargos 0101 a 0114 (N\u00edvel Superior)<\/strong><\/a><\/p>\n<p><a href=\"http:\/\/www2.ccv.ufs.br\/ccv\/concursos\/concursogrh2014\/gabarito\/Gab%20201%20a%20215%20e%20217%20a%20224.pdf\" target=\"_blank\"><strong>Cargos 0201 a 0215 e 0217 a 0224 (N\u00edvel M\u00e9dio)<\/strong><\/a><\/p>\n<p><a href=\"http:\/\/www2.ccv.ufs.br\/ccv\/concursos\/concursogrh2014\/gabarito\/Gab%20301%20a%20304.pdf\" target=\"_blank\"><strong>Cargos 0301 a 0304 (N\u00edvel Fundamental)<\/strong><\/a><\/p>\n<p><strong><a href=\"http:\/\/www2.ccv.ufs.br\/ccv\/concursos\/concursogrh2014\/provas.html\" target=\"_blank\">Provas objetivas<\/a>\u00a0<\/strong><\/p>\n<p style=\"text-align: justify;\"><em>Com informa\u00e7\u00f5es da Itnet \u00a0<\/em><\/p>\n<p style=\"text-align: justify;\"><strong>Siga o SE Not\u00edcias pelo <a href=\"https:\/\/twitter.com\/Senoticias\" target=\"_blank\">Twitter<\/a> e curta pelo <a href=\"https:\/\/www.facebook.com\/PortalSENoticias?ref=hl\" target=\"_blank\">Facebook\u00a0<\/a><\/strong><\/p>\n","protected":false},"excerpt":{"rendered":"<p>Mais de 37 mil candidatos participaram do concurso para o cargo de t\u00e9cnico administrativo da Universidade Federal de Sergipe (UFS), cujas provas foram aplicadas no domingo (18). O concurso ofereceu 196 vagas para 41 cargos distribu\u00eddos entre os n\u00edveis fundamental, m\u00e9dio e superior. A prova teve 50 quest\u00f5es de m\u00faltipla escolha, no qual os candidatos [&hellip;]<\/p>\n","protected":false},"author":1,"featured_media":59488,"comment_status":"closed","ping_status":"closed","sticky":false,"template":"","format":"standard","meta":{"footnotes":""},"categories":[9],"tags":[],"class_list":{"0":"post-64361","1":"post","2":"type-post","3":"status-publish","4":"format-standard","5":"has-post-thumbnail","7":"category-concursos"},"_links":{"self":[{"href":"https:\/\/senoticias.com.br\/se\/wp-json\/wp\/v2\/posts\/64361"}],"collection":[{"href":"https:\/\/senoticias.com.br\/se\/wp-json\/wp\/v2\/posts"}],"about":[{"href":"https:\/\/senoticias.com.br\/se\/wp-json\/wp\/v2\/types\/post"}],"author":[{"embeddable":true,"href":"https:\/\/senoticias.com.br\/se\/wp-json\/wp\/v2\/users\/1"}],"replies":[{"embeddable":true,"href":"https:\/\/senoticias.com.br\/se\/wp-json\/wp\/v2\/comments?post=64361"}],"version-history":[{"count":0,"href":"https:\/\/senoticias.com.br\/se\/wp-json\/wp\/v2\/posts\/64361\/revisions"}],"wp:featuredmedia":[{"embeddable":true,"href":"https:\/\/senoticias.com.br\/se\/wp-json\/wp\/v2\/media\/59488"}],"wp:attachment":[{"href":"https:\/\/senoticias.com.br\/se\/wp-json\/wp\/v2\/media?parent=64361"}],"wp:term":[{"taxonomy":"category","embeddable":true,"href":"https:\/\/senoticias.com.br\/se\/wp-json\/wp\/v2\/categories?post=64361"},{"taxonomy":"post_tag","embeddable":true,"href":"https:\/\/senoticias.com.br\/se\/wp-json\/wp\/v2\/tags?post=64361"}],"curies":[{"name":"wp","href":"https:\/\/api.w.org\/{rel}","templated":true}]}}