{"id":63689,"date":"2014-05-06T15:22:16","date_gmt":"2014-05-06T18:22:16","guid":{"rendered":"http:\/\/senoticias.com.br\/se\/?p=63689"},"modified":"2014-05-06T15:22:16","modified_gmt":"2014-05-06T18:22:16","slug":"numero-de-celulares-chegara-a-7-bilhoes-no-fim-do-ano-em-todo-o-mundo","status":"publish","type":"post","link":"https:\/\/senoticias.com.br\/se\/numero-de-celulares-chegara-a-7-bilhoes-no-fim-do-ano-em-todo-o-mundo\/","title":{"rendered":"N\u00famero de celulares chegar\u00e1 a 7 bilh\u00f5es no fim do ano em todo o mundo"},"content":{"rendered":"<div id=\"attachment_60154\" style=\"width: 310px\" class=\"wp-caption alignright\"><a href=\"http:\/\/senoticias.com.br\/se\/wp-content\/uploads\/2014\/02\/pessoa-liga-celular.jpg\"><img loading=\"lazy\" decoding=\"async\" aria-describedby=\"caption-attachment-60154\" class=\"size-medium wp-image-60154\" alt=\"Os dados mostram, no entanto, que o crescimento das assinaturas para celulares, de 2013 para 2014. (Ilustrativa) \" src=\"http:\/\/senoticias.com.br\/se\/wp-content\/uploads\/2014\/02\/pessoa-liga-celular-300x200.jpg\" width=\"300\" height=\"200\" srcset=\"https:\/\/senoticias.com.br\/se\/wp-content\/uploads\/2014\/02\/pessoa-liga-celular-300x200.jpg 300w, https:\/\/senoticias.com.br\/se\/wp-content\/uploads\/2014\/02\/pessoa-liga-celular-342x229.jpg 342w, https:\/\/senoticias.com.br\/se\/wp-content\/uploads\/2014\/02\/pessoa-liga-celular.jpg 542w\" sizes=\"(max-width: 300px) 100vw, 300px\" \/><\/a><p id=\"caption-attachment-60154\" class=\"wp-caption-text\">Os dados mostram, no entanto, que o crescimento das assinaturas para celulares, de 2013 para 2014. (Ilustrativa)<\/p><\/div>\n<p style=\"text-align: justify;\">At\u00e9 o fim deste ano, o n\u00famero de linhas de celulares em todo o mundo chegar\u00e1 a 7 bilh\u00f5es \u2013 uma para cada habitante do planeta, segundo relat\u00f3rio divulgado nesta segunda-feira (5) pela Uni\u00e3o Internacional de Telecomunica\u00e7\u00f5es (UIT), \u00f3rg\u00e3o da Organiza\u00e7\u00e3o das Na\u00e7\u00f5es Unidas. Os dados mostram, no entanto, que o crescimento das assinaturas para celulares, de 2013 para 2014, foi 2,6%, a menor taxa registrada no segmento, indicando que o mercado est\u00e1 chegando a n\u00edveis de satura\u00e7\u00e3o.<\/p>\n<p style=\"text-align: justify;\">O relat\u00f3rio da UIT apontou tamb\u00e9m que at\u00e9 o fim de 2014 haver\u00e1 quase 3 bilh\u00f5es de usu\u00e1rios de internet. O n\u00famero corresponde a uma penetra\u00e7\u00e3o de 40% em todo o planeta \u2013 78% nos pa\u00edses desenvolvidos e 32% nos pa\u00edses em desenvolvimento. Mais de 90% das pessoas sem acesso \u00e0 internet est\u00e3o nos pa\u00edses em desenvolvimento.<\/p>\n<p style=\"text-align: justify;\">O n\u00famero de assinaturas de banda larga m\u00f3vel deve chegar a 2,3 bilh\u00f5es em todo o mundo. O alcance da banda larga fixa deve chegar a quase 10% globalmente no fim do ano. A penetra\u00e7\u00e3o do telefone fixo vem caindo nos \u00faltimos cinco anos. Ao final de 2014, haver\u00e1 cerca de 100 milh\u00f5es de assinaturas desse servi\u00e7o a menos que em 2009.<\/p>\n<p style=\"text-align: justify;\">No Brasil, a penetra\u00e7\u00e3o de banda larga fixa ainda \u00e9 pouco inferior \u00e0 m\u00e9dia global e tem baixa qualidade: mais de 50% das velocidades dos planos variam entre 256 quilobits por segundo e 2 megabits por segundo. Velocidades acima de 10 megabits por segundo t\u00eam penetra\u00e7\u00e3o de apenas 2,5% entre a popula\u00e7\u00e3o. Na Coreia do Sul, o percentual chega a 37%.<\/p>\n<p style=\"text-align: justify;\">Segundo a Ag\u00eancia Nacional de Telecomunica\u00e7\u00f5es (Anatel), no Brasil, havia 273,58 milh\u00f5es de linhas de celulares ativas em mar\u00e7o, com teledensidade de 135,30 acessos por 100 habitantes, A banda larga m\u00f3vel totalizou 114,42 milh\u00f5es de acessos, dos quais 2,08 milh\u00f5es eram terminais 4G.<\/p>\n<p style=\"text-align: justify;\"><em>Fonte: Ag\u00eancia Brasil\u00a0<\/em><\/p>\n<p style=\"text-align: justify;\"><strong>Siga o SE Not\u00edcias pelo <a href=\"https:\/\/twitter.com\/Senoticias\" target=\"_blank\">Twitter<\/a> e curta pelo <a href=\"https:\/\/www.facebook.com\/PortalSENoticias\" target=\"_blank\">Facebook\u00a0<\/a><\/strong><\/p>\n","protected":false},"excerpt":{"rendered":"<p>At\u00e9 o fim deste ano, o n\u00famero de linhas de celulares em todo o mundo chegar\u00e1 a 7 bilh\u00f5es \u2013 uma para cada habitante do planeta, segundo relat\u00f3rio divulgado nesta segunda-feira (5) pela Uni\u00e3o Internacional de Telecomunica\u00e7\u00f5es (UIT), \u00f3rg\u00e3o da Organiza\u00e7\u00e3o das Na\u00e7\u00f5es Unidas. Os dados mostram, no entanto, que o crescimento das assinaturas para [&hellip;]<\/p>\n","protected":false},"author":1,"featured_media":60154,"comment_status":"closed","ping_status":"closed","sticky":false,"template":"","format":"standard","meta":{"footnotes":""},"categories":[45],"tags":[],"class_list":{"0":"post-63689","1":"post","2":"type-post","3":"status-publish","4":"format-standard","5":"has-post-thumbnail","7":"category-tecnologia"},"_links":{"self":[{"href":"https:\/\/senoticias.com.br\/se\/wp-json\/wp\/v2\/posts\/63689"}],"collection":[{"href":"https:\/\/senoticias.com.br\/se\/wp-json\/wp\/v2\/posts"}],"about":[{"href":"https:\/\/senoticias.com.br\/se\/wp-json\/wp\/v2\/types\/post"}],"author":[{"embeddable":true,"href":"https:\/\/senoticias.com.br\/se\/wp-json\/wp\/v2\/users\/1"}],"replies":[{"embeddable":true,"href":"https:\/\/senoticias.com.br\/se\/wp-json\/wp\/v2\/comments?post=63689"}],"version-history":[{"count":0,"href":"https:\/\/senoticias.com.br\/se\/wp-json\/wp\/v2\/posts\/63689\/revisions"}],"wp:featuredmedia":[{"embeddable":true,"href":"https:\/\/senoticias.com.br\/se\/wp-json\/wp\/v2\/media\/60154"}],"wp:attachment":[{"href":"https:\/\/senoticias.com.br\/se\/wp-json\/wp\/v2\/media?parent=63689"}],"wp:term":[{"taxonomy":"category","embeddable":true,"href":"https:\/\/senoticias.com.br\/se\/wp-json\/wp\/v2\/categories?post=63689"},{"taxonomy":"post_tag","embeddable":true,"href":"https:\/\/senoticias.com.br\/se\/wp-json\/wp\/v2\/tags?post=63689"}],"curies":[{"name":"wp","href":"https:\/\/api.w.org\/{rel}","templated":true}]}}