{"id":62838,"date":"2014-04-16T11:28:13","date_gmt":"2014-04-16T14:28:13","guid":{"rendered":"http:\/\/senoticias.com.br\/se\/?p=62838"},"modified":"2014-04-16T11:29:03","modified_gmt":"2014-04-16T14:29:03","slug":"preco-do-ovo-de-pascoa-supera-inflacao-dos-ultimos-12-meses","status":"publish","type":"post","link":"https:\/\/senoticias.com.br\/se\/preco-do-ovo-de-pascoa-supera-inflacao-dos-ultimos-12-meses\/","title":{"rendered":"Pre\u00e7o do ovo de P\u00e1scoa supera infla\u00e7\u00e3o dos \u00faltimos 12 meses"},"content":{"rendered":"<div id=\"attachment_62839\" style=\"width: 310px\" class=\"wp-caption alignright\"><a href=\"http:\/\/senoticias.com.br\/se\/wp-content\/uploads\/2014\/04\/13064361.jpeg\"><img loading=\"lazy\" decoding=\"async\" aria-describedby=\"caption-attachment-62839\" class=\"size-medium wp-image-62839\" alt=\"Na m\u00e9dia nacional, o produto que registrou a maior alta em compara\u00e7\u00e3o \u00e0 P\u00e1scoa de 2013 foi o ovo de 50 gramas (7,76%). \" src=\"http:\/\/senoticias.com.br\/se\/wp-content\/uploads\/2014\/04\/13064361-300x203.jpeg\" width=\"300\" height=\"203\" srcset=\"https:\/\/senoticias.com.br\/se\/wp-content\/uploads\/2014\/04\/13064361-300x203.jpeg 300w, https:\/\/senoticias.com.br\/se\/wp-content\/uploads\/2014\/04\/13064361-342x231.jpeg 342w, https:\/\/senoticias.com.br\/se\/wp-content\/uploads\/2014\/04\/13064361.jpeg 635w\" sizes=\"(max-width: 300px) 100vw, 300px\" \/><\/a><p id=\"caption-attachment-62839\" class=\"wp-caption-text\">Na m\u00e9dia nacional, o produto que registrou a maior alta em compara\u00e7\u00e3o \u00e0 P\u00e1scoa de 2013.<\/p><\/div>\n<p style=\"text-align: justify;\">O aumento dos pre\u00e7os dos insumos b\u00e1sicos cacau (que subiu mais de 50%), leite (16%) e a\u00e7\u00facar (10%), contribuiu para elevar os pre\u00e7os dos ovos de P\u00e1scoa, disse o economista Andr\u00e9 Braz, do Instituto Brasileiro de Economia da Funda\u00e7\u00e3o Getulio Vargas (Ibre-FGV), durante entrevista.<\/p>\n<p style=\"text-align: justify;\">Os ovos ficaram 6,78% mais caros, em m\u00e9dia, em compara\u00e7\u00e3o com o mesmo per\u00edodo do ano passado, superando a infla\u00e7\u00e3o acumulada entre abril de 2013 e mar\u00e7o deste ano, medida pelo \u00cdndice de Pre\u00e7os ao Consumidor (IPC) da FGV, que alcan\u00e7ou 6,09%.<\/p>\n<p style=\"text-align: justify;\">\u201cCom os insumos b\u00e1sicos mais caros, esses produtos v\u00e3o atr\u00e1s\u201d, disse Andr\u00e9 Braz. Segundo ele, o apelo emocional tamb\u00e9m contribui para a eleva\u00e7\u00e3o dos pre\u00e7os, uma vez que se trata de um produto diferenciado que muitas fam\u00edlias gostam de utilizar na confraterniza\u00e7\u00e3o da P\u00e1scoa.<\/p>\n<p style=\"text-align: justify;\">\u201cDe fato, ele [o ovo de P\u00e1scoa] registra, anualmente, uma alta pr\u00f3xima da infla\u00e7\u00e3o dos \u00faltimos 12 meses. E 2014 n\u00e3o est\u00e1 sendo diferente. A varia\u00e7\u00e3o acumulada pelo produto encosta na infla\u00e7\u00e3o, em termos m\u00e9dios e, em algumas cidades, essa alta \u00e9 at\u00e9 superior\u201d, comentou o economista.<\/p>\n<p style=\"text-align: justify;\">A pesquisa do Ibre, divulgada hoje, no Rio de Janeiro, mostra que, das sete capitais pesquisadas, o pre\u00e7o do ovo de P\u00e1scoa subiu mais em Porto Alegre (7,70%), seguida de Belo Horizonte (7,57%). No sentido inverso, as cidades que apresentaram menor crescimento de pre\u00e7o no produto foram Salvador (6,25%) e Bras\u00edlia (6,31%). Nas demais capitais, o incremento alcan\u00e7ou 6,99% (Recife); 6,51% (S\u00e3o Paulo); e 6,35% (Rio de Janeiro).<\/p>\n<p style=\"text-align: justify;\">Andr\u00e9 Braz destacou que \u00e0 medida em que o feriado da Semana Santa se aproxima, o pre\u00e7o dos ovos pode subir um pouco mais. \u201cEsses pre\u00e7os flutuam um pouco, at\u00e9 para baixo, em fun\u00e7\u00e3o da pr\u00f3pria demanda. Se a resposta do consumidor aos pre\u00e7os colocados for boa, isso diminui a ocorr\u00eancia de promo\u00e7\u00f5es e pode, at\u00e9, encarecer o produto\u201d.<\/p>\n<p style=\"text-align: justify;\">Na m\u00e9dia nacional, o produto que registrou a maior alta em compara\u00e7\u00e3o \u00e0 P\u00e1scoa de 2013 foi o ovo de 50 gramas (7,76%)<\/p>\n<p style=\"text-align: justify;\"><em>Fonte: Ag\u00eancia Brasil\u00a0<\/em><\/p>\n<p style=\"text-align: justify;\"><strong>Siga o SE Not\u00edcias pelo <a href=\"https:\/\/twitter.com\/Senoticias\" target=\"_blank\">Twitter<\/a> e curta pelo <a href=\"https:\/\/www.facebook.com\/PortalSENoticias?fref=ts\" target=\"_blank\">Facebook\u00a0<\/a><\/strong><\/p>\n","protected":false},"excerpt":{"rendered":"<p>O aumento dos pre\u00e7os dos insumos b\u00e1sicos cacau (que subiu mais de 50%), leite (16%) e a\u00e7\u00facar (10%), contribuiu para elevar os pre\u00e7os dos ovos de P\u00e1scoa, disse o economista Andr\u00e9 Braz, do Instituto Brasileiro de Economia da Funda\u00e7\u00e3o Getulio Vargas (Ibre-FGV), durante entrevista. Os ovos ficaram 6,78% mais caros, em m\u00e9dia, em compara\u00e7\u00e3o com [&hellip;]<\/p>\n","protected":false},"author":1,"featured_media":62839,"comment_status":"closed","ping_status":"closed","sticky":false,"template":"","format":"standard","meta":{"footnotes":""},"categories":[1],"tags":[],"class_list":{"0":"post-62838","1":"post","2":"type-post","3":"status-publish","4":"format-standard","5":"has-post-thumbnail","7":"category-sem-categoria"},"_links":{"self":[{"href":"https:\/\/senoticias.com.br\/se\/wp-json\/wp\/v2\/posts\/62838"}],"collection":[{"href":"https:\/\/senoticias.com.br\/se\/wp-json\/wp\/v2\/posts"}],"about":[{"href":"https:\/\/senoticias.com.br\/se\/wp-json\/wp\/v2\/types\/post"}],"author":[{"embeddable":true,"href":"https:\/\/senoticias.com.br\/se\/wp-json\/wp\/v2\/users\/1"}],"replies":[{"embeddable":true,"href":"https:\/\/senoticias.com.br\/se\/wp-json\/wp\/v2\/comments?post=62838"}],"version-history":[{"count":0,"href":"https:\/\/senoticias.com.br\/se\/wp-json\/wp\/v2\/posts\/62838\/revisions"}],"wp:featuredmedia":[{"embeddable":true,"href":"https:\/\/senoticias.com.br\/se\/wp-json\/wp\/v2\/media\/62839"}],"wp:attachment":[{"href":"https:\/\/senoticias.com.br\/se\/wp-json\/wp\/v2\/media?parent=62838"}],"wp:term":[{"taxonomy":"category","embeddable":true,"href":"https:\/\/senoticias.com.br\/se\/wp-json\/wp\/v2\/categories?post=62838"},{"taxonomy":"post_tag","embeddable":true,"href":"https:\/\/senoticias.com.br\/se\/wp-json\/wp\/v2\/tags?post=62838"}],"curies":[{"name":"wp","href":"https:\/\/api.w.org\/{rel}","templated":true}]}}