{"id":62834,"date":"2014-04-16T11:20:09","date_gmt":"2014-04-16T14:20:09","guid":{"rendered":"http:\/\/senoticias.com.br\/se\/?p=62834"},"modified":"2014-04-16T11:20:09","modified_gmt":"2014-04-16T14:20:09","slug":"enem-deve-ser-aplicado-dias-8-e-9-de-novembro","status":"publish","type":"post","link":"https:\/\/senoticias.com.br\/se\/enem-deve-ser-aplicado-dias-8-e-9-de-novembro\/","title":{"rendered":"Enem deve ser aplicado dias 8 e 9 de novembro"},"content":{"rendered":"<div id=\"attachment_62835\" style=\"width: 310px\" class=\"wp-caption alignright\"><a href=\"http:\/\/senoticias.com.br\/se\/wp-content\/uploads\/2014\/04\/ENEM-2013-e1380828044731-1024x730.jpg\"><img loading=\"lazy\" decoding=\"async\" aria-describedby=\"caption-attachment-62835\" class=\"size-medium wp-image-62835\" alt=\"No ano passado, a prova do Enem foi aplicada nos dias 26 e 27 de outubro. (Foto: Divulga\u00e7\u00e3o) \" src=\"http:\/\/senoticias.com.br\/se\/wp-content\/uploads\/2014\/04\/ENEM-2013-e1380828044731-1024x730-300x213.jpg\" width=\"300\" height=\"213\" srcset=\"https:\/\/senoticias.com.br\/se\/wp-content\/uploads\/2014\/04\/ENEM-2013-e1380828044731-1024x730-300x213.jpg 300w, https:\/\/senoticias.com.br\/se\/wp-content\/uploads\/2014\/04\/ENEM-2013-e1380828044731-1024x730-342x243.jpg 342w, https:\/\/senoticias.com.br\/se\/wp-content\/uploads\/2014\/04\/ENEM-2013-e1380828044731-1024x730-90x65.jpg 90w, https:\/\/senoticias.com.br\/se\/wp-content\/uploads\/2014\/04\/ENEM-2013-e1380828044731-1024x730.jpg 1024w\" sizes=\"(max-width: 300px) 100vw, 300px\" \/><\/a><p id=\"caption-attachment-62835\" class=\"wp-caption-text\">No ano passado, a prova do Enem foi aplicada nos dias 26 e 27 de outubro. (Foto: Divulga\u00e7\u00e3o)<\/p><\/div>\n<p style=\"text-align: justify;\">A prova do Exame Nacional do Ensino M\u00e9dio (Enem) 2014 poder\u00e1 ser aplicada nos dias 8 e 9 de novembro. O Instituto Nacional de Estudos e Pesquisas Educacionais An\u00edsio Teixeira (Inep) informou que as institui\u00e7\u00f5es de ensino onde o exame \u00e9 aplicado est\u00e3o sendo consultadas sobre a disponibilidade da data. A defini\u00e7\u00e3o depender\u00e1 da resposta dessas institui\u00e7\u00f5es, de acordo com a assessoria do Inep.<\/p>\n<p style=\"text-align: justify;\">No ano passado, a prova do Enem foi aplicada nos dias 26 e 27 de outubro. O resultado foi divulgado no dia 3 de janeiro. Caso o Enem 2014 seja confirmado para o segundo final de semana de novembro ocorrer\u00e1 ap\u00f3s as elei\u00e7\u00f5es, em outubro.<\/p>\n<p>Cerca de 5 milh\u00f5es de estudantes fizeram o Enem 2013. A nota do exame pode ser usada para a participar de programas como o Sistema de Sele\u00e7\u00e3o de Unificada (Sisu), que seleciona estudantes para vagas no ensino superior p\u00fablico; o Programa Universidade para Todos (ProUni), que oferece bolsas em institui\u00e7\u00f5es privadas; e o Sistema de<\/p>\n<p>Sele\u00e7\u00e3o Unificada do Ensino T\u00e9cnico e Profissional (Sisutec), que seleciona estudantes para vagas gratuitas em cursos t\u00e9cnicos.<\/p>\n<p>O Enem \u00e9 tamb\u00e9m pr\u00e9-requisito para firmar contratos pelo Fundo de Financiamento Estudantil (Fies) e para a obter bolsas de interc\u00e2mbio pelo Programa Ci\u00eancia sem Fronteiras.<\/p>\n<p style=\"text-align: justify;\"><em>Fonte: Ag\u00eancia Brasil\u00a0<\/em><\/p>\n<p style=\"text-align: justify;\"><strong>Siga o SE Not\u00edcias pelo <a href=\"https:\/\/twitter.com\/Senoticias\" target=\"_blank\">Twitter<\/a> e curta pelo <a href=\"https:\/\/www.facebook.com\/PortalSENoticias?fref=ts\" target=\"_blank\">Facebook\u00a0<\/a><\/strong><\/p>\n","protected":false},"excerpt":{"rendered":"<p>A prova do Exame Nacional do Ensino M\u00e9dio (Enem) 2014 poder\u00e1 ser aplicada nos dias 8 e 9 de novembro. O Instituto Nacional de Estudos e Pesquisas Educacionais An\u00edsio Teixeira (Inep) informou que as institui\u00e7\u00f5es de ensino onde o exame \u00e9 aplicado est\u00e3o sendo consultadas sobre a disponibilidade da data. A defini\u00e7\u00e3o depender\u00e1 da resposta [&hellip;]<\/p>\n","protected":false},"author":1,"featured_media":62835,"comment_status":"closed","ping_status":"closed","sticky":false,"template":"","format":"standard","meta":{"footnotes":""},"categories":[44],"tags":[],"class_list":{"0":"post-62834","1":"post","2":"type-post","3":"status-publish","4":"format-standard","5":"has-post-thumbnail","7":"category-educacao"},"_links":{"self":[{"href":"https:\/\/senoticias.com.br\/se\/wp-json\/wp\/v2\/posts\/62834"}],"collection":[{"href":"https:\/\/senoticias.com.br\/se\/wp-json\/wp\/v2\/posts"}],"about":[{"href":"https:\/\/senoticias.com.br\/se\/wp-json\/wp\/v2\/types\/post"}],"author":[{"embeddable":true,"href":"https:\/\/senoticias.com.br\/se\/wp-json\/wp\/v2\/users\/1"}],"replies":[{"embeddable":true,"href":"https:\/\/senoticias.com.br\/se\/wp-json\/wp\/v2\/comments?post=62834"}],"version-history":[{"count":0,"href":"https:\/\/senoticias.com.br\/se\/wp-json\/wp\/v2\/posts\/62834\/revisions"}],"wp:featuredmedia":[{"embeddable":true,"href":"https:\/\/senoticias.com.br\/se\/wp-json\/wp\/v2\/media\/62835"}],"wp:attachment":[{"href":"https:\/\/senoticias.com.br\/se\/wp-json\/wp\/v2\/media?parent=62834"}],"wp:term":[{"taxonomy":"category","embeddable":true,"href":"https:\/\/senoticias.com.br\/se\/wp-json\/wp\/v2\/categories?post=62834"},{"taxonomy":"post_tag","embeddable":true,"href":"https:\/\/senoticias.com.br\/se\/wp-json\/wp\/v2\/tags?post=62834"}],"curies":[{"name":"wp","href":"https:\/\/api.w.org\/{rel}","templated":true}]}}