{"id":62831,"date":"2014-04-16T10:51:43","date_gmt":"2014-04-16T13:51:43","guid":{"rendered":"http:\/\/senoticias.com.br\/se\/?p=62831"},"modified":"2014-04-16T10:51:43","modified_gmt":"2014-04-16T13:51:43","slug":"seca-deixa-14-municipios-sergipanos-em-situacao-de-emergencia","status":"publish","type":"post","link":"https:\/\/senoticias.com.br\/se\/seca-deixa-14-municipios-sergipanos-em-situacao-de-emergencia\/","title":{"rendered":"Seca deixa 14 munic\u00edpios sergipanos em situa\u00e7\u00e3o de emerg\u00eancia"},"content":{"rendered":"<p><em><strong>Fredson Navarro, do G1 SE<\/strong><\/em><\/p>\n<p style=\"text-align: justify;\"><strong>Secretaria da Prote\u00e7\u00e3o e Defesa Civil reconhece situa\u00e7\u00e3o de emerg\u00eancia.<\/strong><br \/>\n<strong> Informa\u00e7\u00e3o foi publicada na edi\u00e7\u00e3o do Di\u00e1rio da Uni\u00e3o desta quarta-feira.<\/strong><\/p>\n<div id=\"attachment_62832\" style=\"width: 605px\" class=\"wp-caption aligncenter\"><a href=\"http:\/\/senoticias.com.br\/se\/wp-content\/uploads\/2014\/04\/barragem.jpg\"><img loading=\"lazy\" decoding=\"async\" aria-describedby=\"caption-attachment-62832\" class=\"size-full wp-image-62832\" alt=\"Munic\u00edpios sergipanos est\u00e3o em situa\u00e7\u00e3o de emerg\u00eancia (Foto: \u00c2ngelo Carvalho\/Arquivo pessoal)\" src=\"http:\/\/senoticias.com.br\/se\/wp-content\/uploads\/2014\/04\/barragem.jpg\" width=\"595\" height=\"446\" srcset=\"https:\/\/senoticias.com.br\/se\/wp-content\/uploads\/2014\/04\/barragem.jpg 595w, https:\/\/senoticias.com.br\/se\/wp-content\/uploads\/2014\/04\/barragem-300x224.jpg 300w, https:\/\/senoticias.com.br\/se\/wp-content\/uploads\/2014\/04\/barragem-342x256.jpg 342w, https:\/\/senoticias.com.br\/se\/wp-content\/uploads\/2014\/04\/barragem-60x45.jpg 60w, https:\/\/senoticias.com.br\/se\/wp-content\/uploads\/2014\/04\/barragem-150x113.jpg 150w, https:\/\/senoticias.com.br\/se\/wp-content\/uploads\/2014\/04\/barragem-269x201.jpg 269w\" sizes=\"(max-width: 595px) 100vw, 595px\" \/><\/a><p id=\"caption-attachment-62832\" class=\"wp-caption-text\">Munic\u00edpios sergipanos est\u00e3o em situa\u00e7\u00e3o de emerg\u00eancia (Foto: \u00c2ngelo Carvalho\/Arquivo pessoal)<\/p><\/div>\n<p style=\"text-align: justify;\">A Secretaria Nacional de Prote\u00e7\u00e3o e Defesa Civil com base no decreto de n\u00famero 29.786 assinado no dia 8 de abril em Sergipe reconheceu que 14 munic\u00edpios est\u00e3o em situa\u00e7\u00e3o de emerg\u00eancia por procedimento sum\u00e1rio.<\/p>\n<p style=\"text-align: justify;\">A informa\u00e7\u00e3o foi publicada na edi\u00e7\u00e3o do Di\u00e1rio da Uni\u00e3o desta quarta-feira (16) pelo Minist\u00e9rio da Integra\u00e7\u00e3o Nacional.<\/p>\n<p style=\"text-align: justify;\">Est\u00e3o em situa\u00e7\u00e3o de emerg\u00eancia os munic\u00edpios Canind\u00e9 de S\u00e3o Francisco, Feira Nova, Gararu, Graccho Cardoso, Itabi, Monte Alegre, Nossa Senhora Aparecida, Nossa Senhora das Doures, Nossa Senhora de Lourdes, Pedra Mole, Pinh\u00e3o, Po\u00e7o Redondo, Porto da Folha e S\u00e3o Miguel do Aleixo.<\/p>\n<p style=\"text-align: justify;\"><strong>Siga o SE Not\u00edcias pelo <a href=\" https:\/\/twitter.com\/Senoticias\" target=\"_blank\">Twitter<\/a> e curta no <a href=\" https:\/\/www.facebook.com\/PortalSENoticias\" target=\"_blank\">Facebook<\/a><\/strong><\/p>\n","protected":false},"excerpt":{"rendered":"<p>Fredson Navarro, do G1 SE Secretaria da Prote\u00e7\u00e3o e Defesa Civil reconhece situa\u00e7\u00e3o de emerg\u00eancia. Informa\u00e7\u00e3o foi publicada na edi\u00e7\u00e3o do Di\u00e1rio da Uni\u00e3o desta quarta-feira. A Secretaria Nacional de Prote\u00e7\u00e3o e Defesa Civil com base no decreto de n\u00famero 29.786 assinado no dia 8 de abril em Sergipe reconheceu que 14 munic\u00edpios est\u00e3o em [&hellip;]<\/p>\n","protected":false},"author":1,"featured_media":62832,"comment_status":"closed","ping_status":"closed","sticky":false,"template":"","format":"standard","meta":{"footnotes":""},"categories":[6],"tags":[],"class_list":{"0":"post-62831","1":"post","2":"type-post","3":"status-publish","4":"format-standard","5":"has-post-thumbnail","7":"category-politica"},"_links":{"self":[{"href":"https:\/\/senoticias.com.br\/se\/wp-json\/wp\/v2\/posts\/62831"}],"collection":[{"href":"https:\/\/senoticias.com.br\/se\/wp-json\/wp\/v2\/posts"}],"about":[{"href":"https:\/\/senoticias.com.br\/se\/wp-json\/wp\/v2\/types\/post"}],"author":[{"embeddable":true,"href":"https:\/\/senoticias.com.br\/se\/wp-json\/wp\/v2\/users\/1"}],"replies":[{"embeddable":true,"href":"https:\/\/senoticias.com.br\/se\/wp-json\/wp\/v2\/comments?post=62831"}],"version-history":[{"count":0,"href":"https:\/\/senoticias.com.br\/se\/wp-json\/wp\/v2\/posts\/62831\/revisions"}],"wp:featuredmedia":[{"embeddable":true,"href":"https:\/\/senoticias.com.br\/se\/wp-json\/wp\/v2\/media\/62832"}],"wp:attachment":[{"href":"https:\/\/senoticias.com.br\/se\/wp-json\/wp\/v2\/media?parent=62831"}],"wp:term":[{"taxonomy":"category","embeddable":true,"href":"https:\/\/senoticias.com.br\/se\/wp-json\/wp\/v2\/categories?post=62831"},{"taxonomy":"post_tag","embeddable":true,"href":"https:\/\/senoticias.com.br\/se\/wp-json\/wp\/v2\/tags?post=62831"}],"curies":[{"name":"wp","href":"https:\/\/api.w.org\/{rel}","templated":true}]}}