{"id":62821,"date":"2014-04-16T07:37:32","date_gmt":"2014-04-16T10:37:32","guid":{"rendered":"http:\/\/senoticias.com.br\/se\/?p=62821"},"modified":"2014-04-17T14:17:35","modified_gmt":"2014-04-17T17:17:35","slug":"policia-prende-mulheres-acusadas-de-matar-pm-no-espirito-santo","status":"publish","type":"post","link":"https:\/\/senoticias.com.br\/se\/policia-prende-mulheres-acusadas-de-matar-pm-no-espirito-santo\/","title":{"rendered":"Pol\u00edcia prende mulheres acusadas de matar PM no Espirito Santo"},"content":{"rendered":"<div id=\"attachment_62822\" style=\"width: 234px\" class=\"wp-caption alignright\"><a href=\"http:\/\/senoticias.com.br\/se\/wp-content\/uploads\/2014\/04\/Thain\u00e1.jpg\"><img loading=\"lazy\" decoding=\"async\" aria-describedby=\"caption-attachment-62822\" class=\"size-medium wp-image-62822\" alt=\"Thain\u00e1 Marcele dos Santos Menezes da Silva, 18 anos, e Narjara de Souza, 19. (SSP\/SE)\" src=\"http:\/\/senoticias.com.br\/se\/wp-content\/uploads\/2014\/04\/Thain\u00e1-224x300.jpg\" width=\"224\" height=\"300\" srcset=\"https:\/\/senoticias.com.br\/se\/wp-content\/uploads\/2014\/04\/Thain\u00e1-224x300.jpg 224w, https:\/\/senoticias.com.br\/se\/wp-content\/uploads\/2014\/04\/Thain\u00e1.jpg 239w\" sizes=\"(max-width: 224px) 100vw, 224px\" \/><\/a><p id=\"caption-attachment-62822\" class=\"wp-caption-text\">Thain\u00e1 Marcele dos Santos Menezes da Silva, 18 anos, 19. (SSP\/SE)<\/p><\/div>\n<div id=\"attachment_62823\" style=\"width: 233px\" class=\"wp-caption alignleft\"><a href=\"http:\/\/senoticias.com.br\/se\/wp-content\/uploads\/2014\/04\/Narjara.jpg\"><img loading=\"lazy\" decoding=\"async\" aria-describedby=\"caption-attachment-62823\" class=\"size-medium wp-image-62823\" alt=\"Narjara de Souza, 19. (Foto: SSP\/SE)\" src=\"http:\/\/senoticias.com.br\/se\/wp-content\/uploads\/2014\/04\/Narjara-223x300.jpg\" width=\"223\" height=\"300\" srcset=\"https:\/\/senoticias.com.br\/se\/wp-content\/uploads\/2014\/04\/Narjara-223x300.jpg 223w, https:\/\/senoticias.com.br\/se\/wp-content\/uploads\/2014\/04\/Narjara.jpg 298w\" sizes=\"(max-width: 223px) 100vw, 223px\" \/><\/a><p id=\"caption-attachment-62823\" class=\"wp-caption-text\">Narjara de Souza, 19. (Foto: SSP\/SE)<\/p><\/div>\n<p style=\"text-align: justify;\">Policiais militares da Companhia de Radiopatrulha prenderam na tarde desta ter\u00e7a-feira, 15, duas mulheres acusadas de matarem o dia 20 de mar\u00e7o deste ano o sargento Janes Heredia de S\u00e1, pra\u00e7a da reserva da Pol\u00edcia Militar do Estado do Esp\u00edrito Santo. A informa\u00e7\u00e3o \u00e9 que o policial foi atingido por golpes de faca no pesco\u00e7o, t\u00f3rax, bra\u00e7o e costas pelas garotas de programa qualificadas como Thain\u00e1 Marcele dos Santos Menezes da Silva, 18 anos, e Narjara de Souza, 19.<\/p>\n<p style=\"text-align: justify;\">Segundo o delegado Fernando Melo, o crime ocorreu na cidade de Vilha Velha (ES) e na ocasi\u00e3o as suspeitas levaram uma pistola calibre ponto 40 e um carregador com 11 muni\u00e7\u00f5es, de propriedade da PMES. A informa\u00e7\u00e3o \u00e9 que elas tamb\u00e9m extraviaram o aparelho celular da v\u00edtima, onde com autoriza\u00e7\u00e3o da Justi\u00e7a Capixaba foi monitorado e permitiu que a Pol\u00edcia Civil daquele estado localizasse as duas suspeitas em Aracaju.<\/p>\n<p style=\"text-align: justify;\">\u201cO celular era utilizado ora por Thain\u00e1 ora por Narjara. Elas optaram por fugir aqui para a capital sergipana porque a m\u00e3e de Thain\u00e1 mora no bairro Luzia, zona sul da cidade. Depois se mudaram para uma casa em que a av\u00f4 de Thain\u00e1 costuma alugar no bairro Bugio, na zona norte\u201d, explicou Melo.<\/p>\n<p style=\"text-align: justify;\">NarjaraAs investiga\u00e7\u00f5es feitas a partir do Esp\u00edrito Santo mostram, inclusive, que as jovens estariam trabalhando em Aracaju como representantes de uma empresa de TV por assinatura. No \u00faltimo dia 11 de abril, a Justi\u00e7a do Esp\u00edrito Santo expediu um mandado de pris\u00e3o contra Narjara e Thain\u00e1 que foi prontamente cumprido nesta ter\u00e7a-feira. As duas dever\u00e3o ser recambiadas para o Esp\u00edrito Santo onde dever\u00e3o responder pelo crime de homic\u00eddio.<\/p>\n<p><strong>Siga o SE Not\u00edcias pelo <a href=\" https:\/\/twitter.com\/Senoticias\" target=\"_blank\">Twitter <\/a>e curta no <a href=\" https:\/\/www.facebook.com\/PortalSENoticias\" target=\"_blank\">Facebook<\/a><\/strong><\/p>\n<p><strong><em>Informa\u00e7\u00f5es da SSP\/SE<\/em><\/strong><\/p>\n","protected":false},"excerpt":{"rendered":"<p>Policiais militares da Companhia de Radiopatrulha prenderam na tarde desta ter\u00e7a-feira, 15, duas mulheres acusadas de matarem o dia 20 de mar\u00e7o deste ano o sargento Janes Heredia de S\u00e1, pra\u00e7a da reserva da Pol\u00edcia Militar do Estado do Esp\u00edrito Santo. A informa\u00e7\u00e3o \u00e9 que o policial foi atingido por golpes de faca no pesco\u00e7o, [&hellip;]<\/p>\n","protected":false},"author":1,"featured_media":62822,"comment_status":"closed","ping_status":"closed","sticky":false,"template":"","format":"standard","meta":{"footnotes":""},"categories":[7],"tags":[],"class_list":{"0":"post-62821","1":"post","2":"type-post","3":"status-publish","4":"format-standard","5":"has-post-thumbnail","7":"category-policia"},"_links":{"self":[{"href":"https:\/\/senoticias.com.br\/se\/wp-json\/wp\/v2\/posts\/62821"}],"collection":[{"href":"https:\/\/senoticias.com.br\/se\/wp-json\/wp\/v2\/posts"}],"about":[{"href":"https:\/\/senoticias.com.br\/se\/wp-json\/wp\/v2\/types\/post"}],"author":[{"embeddable":true,"href":"https:\/\/senoticias.com.br\/se\/wp-json\/wp\/v2\/users\/1"}],"replies":[{"embeddable":true,"href":"https:\/\/senoticias.com.br\/se\/wp-json\/wp\/v2\/comments?post=62821"}],"version-history":[{"count":0,"href":"https:\/\/senoticias.com.br\/se\/wp-json\/wp\/v2\/posts\/62821\/revisions"}],"wp:featuredmedia":[{"embeddable":true,"href":"https:\/\/senoticias.com.br\/se\/wp-json\/wp\/v2\/media\/62822"}],"wp:attachment":[{"href":"https:\/\/senoticias.com.br\/se\/wp-json\/wp\/v2\/media?parent=62821"}],"wp:term":[{"taxonomy":"category","embeddable":true,"href":"https:\/\/senoticias.com.br\/se\/wp-json\/wp\/v2\/categories?post=62821"},{"taxonomy":"post_tag","embeddable":true,"href":"https:\/\/senoticias.com.br\/se\/wp-json\/wp\/v2\/tags?post=62821"}],"curies":[{"name":"wp","href":"https:\/\/api.w.org\/{rel}","templated":true}]}}