{"id":62818,"date":"2014-04-16T06:11:43","date_gmt":"2014-04-16T09:11:43","guid":{"rendered":"http:\/\/senoticias.com.br\/se\/?p=62818"},"modified":"2014-04-16T06:12:32","modified_gmt":"2014-04-16T09:12:32","slug":"policial-militar-reage-a-assalto-dentro-de-onibus-em-sao-cristovao","status":"publish","type":"post","link":"https:\/\/senoticias.com.br\/se\/policial-militar-reage-a-assalto-dentro-de-onibus-em-sao-cristovao\/","title":{"rendered":"Policial militar reage a assalto dentro de \u00f4nibus em S\u00e3o Crist\u00f3v\u00e3o"},"content":{"rendered":"<div id=\"attachment_61689\" style=\"width: 310px\" class=\"wp-caption alignright\"><a href=\"http:\/\/senoticias.com.br\/se\/wp-content\/uploads\/2014\/03\/images1.jpg\"><img loading=\"lazy\" decoding=\"async\" aria-describedby=\"caption-attachment-61689\" class=\"size-medium wp-image-61689\" alt=\"O fato ocorreu na tarde desta ter\u00e7a-feira (15), no Parque Santa Rita. Os bandidos fugiram e ningu\u00e9m saiu ferido. (Foto: Ilustrativa) \" src=\"http:\/\/senoticias.com.br\/se\/wp-content\/uploads\/2014\/03\/images1-300x192.jpg\" width=\"300\" height=\"192\" srcset=\"https:\/\/senoticias.com.br\/se\/wp-content\/uploads\/2014\/03\/images1-300x192.jpg 300w, https:\/\/senoticias.com.br\/se\/wp-content\/uploads\/2014\/03\/images1-342x218.jpg 342w, https:\/\/senoticias.com.br\/se\/wp-content\/uploads\/2014\/03\/images1.jpg 500w\" sizes=\"(max-width: 300px) 100vw, 300px\" \/><\/a><p id=\"caption-attachment-61689\" class=\"wp-caption-text\">O fato ocorreu na tarde desta ter\u00e7a-feira (15), no Parque Santa Rita. Os bandidos fugiram e ningu\u00e9m saiu ferido. (Foto: Ilustrativa)<\/p><\/div>\n<p style=\"text-align: justify;\"><strong><em>Reda\u00e7\u00e3o\u00a0Jornaldacidade.Net<\/em><\/strong><\/p>\n<p style=\"text-align: justify;\">E em mais um assalto a \u00f4nibus no Estado, um policial militar, por pouco, n\u00e3o foi v\u00edtima de um homic\u00eddio. O fato ocorreu na tarde desta ter\u00e7a-feira (15), no Parque Santa Rita, munic\u00edpio de S\u00e3o Crist\u00f3v\u00e3o. Ele reagiu a um assalto praticado por uma dupla dentro do \u00f4nibus que faz a linha Est\u00e2ncia\/ Aracaju.<\/p>\n<p style=\"text-align: justify;\">Segundo informa\u00e7\u00f5es da pol\u00edcia, o policial seguia dentro do \u00f4nibus quando dois elementos entraram no ve\u00edculo nas proximidades do posto da Pol\u00edcia Rodovi\u00e1ria Federal, em S\u00e3o Crist\u00f3v\u00e3o. Momentos depois anunciaram o assalto. A dupla aparentava ter ente 18 a 25 anos.<\/p>\n<p style=\"text-align: justify;\">Um dos elementos simulando est\u00e1 segurando uma arma de fogo na cintura passou a exigir que os passageiros entregassem os pertences e chegou a recolher dois aparelhos celulares. No momento em que o policial se identificou, um dos assaltantes sacou a arma de fogo e apontou para ele. De imediato, o policial, em posse de uma arma, reagiu e fez um disparo. Os dois elementos acabaram fugindo. Ningu\u00e9m ficou ferido.<\/p>\n<p><strong>Siga o SE Not\u00edcias pelo <a href=\" https:\/\/twitter.com\/Senoticias\" target=\"_blank\">Twitter<\/a> e curta no <a href=\" https:\/\/www.facebook.com\/PortalSENoticias\" target=\"_blank\">Facebook<\/a><\/strong><\/p>\n<p style=\"text-align: justify;\">\n","protected":false},"excerpt":{"rendered":"<p>Reda\u00e7\u00e3o\u00a0Jornaldacidade.Net E em mais um assalto a \u00f4nibus no Estado, um policial militar, por pouco, n\u00e3o foi v\u00edtima de um homic\u00eddio. O fato ocorreu na tarde desta ter\u00e7a-feira (15), no Parque Santa Rita, munic\u00edpio de S\u00e3o Crist\u00f3v\u00e3o. Ele reagiu a um assalto praticado por uma dupla dentro do \u00f4nibus que faz a linha Est\u00e2ncia\/ Aracaju. [&hellip;]<\/p>\n","protected":false},"author":1,"featured_media":61689,"comment_status":"closed","ping_status":"closed","sticky":false,"template":"","format":"standard","meta":{"footnotes":""},"categories":[7],"tags":[],"class_list":{"0":"post-62818","1":"post","2":"type-post","3":"status-publish","4":"format-standard","5":"has-post-thumbnail","7":"category-policia"},"_links":{"self":[{"href":"https:\/\/senoticias.com.br\/se\/wp-json\/wp\/v2\/posts\/62818"}],"collection":[{"href":"https:\/\/senoticias.com.br\/se\/wp-json\/wp\/v2\/posts"}],"about":[{"href":"https:\/\/senoticias.com.br\/se\/wp-json\/wp\/v2\/types\/post"}],"author":[{"embeddable":true,"href":"https:\/\/senoticias.com.br\/se\/wp-json\/wp\/v2\/users\/1"}],"replies":[{"embeddable":true,"href":"https:\/\/senoticias.com.br\/se\/wp-json\/wp\/v2\/comments?post=62818"}],"version-history":[{"count":0,"href":"https:\/\/senoticias.com.br\/se\/wp-json\/wp\/v2\/posts\/62818\/revisions"}],"wp:featuredmedia":[{"embeddable":true,"href":"https:\/\/senoticias.com.br\/se\/wp-json\/wp\/v2\/media\/61689"}],"wp:attachment":[{"href":"https:\/\/senoticias.com.br\/se\/wp-json\/wp\/v2\/media?parent=62818"}],"wp:term":[{"taxonomy":"category","embeddable":true,"href":"https:\/\/senoticias.com.br\/se\/wp-json\/wp\/v2\/categories?post=62818"},{"taxonomy":"post_tag","embeddable":true,"href":"https:\/\/senoticias.com.br\/se\/wp-json\/wp\/v2\/tags?post=62818"}],"curies":[{"name":"wp","href":"https:\/\/api.w.org\/{rel}","templated":true}]}}