{"id":62812,"date":"2014-04-16T00:18:10","date_gmt":"2014-04-16T03:18:10","guid":{"rendered":"http:\/\/senoticias.com.br\/se\/?p=62812"},"modified":"2014-04-17T08:04:42","modified_gmt":"2014-04-17T11:04:42","slug":"selecao-de-itaporanga-vence-capela-e-decide-pela-primeira-vez-a-copa-tv-sergipe","status":"publish","type":"post","link":"https:\/\/senoticias.com.br\/se\/selecao-de-itaporanga-vence-capela-e-decide-pela-primeira-vez-a-copa-tv-sergipe\/","title":{"rendered":"Sele\u00e7\u00e3o de Itaporanga vence Capela e decide pela primeira vez a Copa TV Sergipe"},"content":{"rendered":"<p style=\"text-align: justify;\">For\u00e7a, garra e determina\u00e7\u00e3o. Esse foi o esp\u00edrito dos jogadores da Sele\u00e7\u00e3o de Itaporanga D\u2019Ajuda no jogo da semifinal da Copa TV Sergipe de Futsal. A partida, que colocou Itaporanga na final da competi\u00e7\u00e3o, lotou o Gin\u00e1sio de Esportes da cidade.<\/p>\n<p style=\"text-align: justify;\">Com uma torcida apaixonada e vibrante, a sele\u00e7\u00e3o itaporanguense superou a Sele\u00e7\u00e3o de Capela e, com gol de Mam\u00e1, venceu por 1&#215;0 e garantiu disputar a grande final com a Sele\u00e7\u00e3o de Aracaju, em jogo a ser realizado no dia 26 de abril, no Gin\u00e1sio do SESI, no Conjunto Augusto Franco, na capital sergipana.<\/p>\n<div id=\"attachment_62813\" style=\"width: 609px\" class=\"wp-caption aligncenter\"><a href=\"http:\/\/senoticias.com.br\/se\/wp-content\/uploads\/2014\/04\/DSC_0679.jpg\"><img loading=\"lazy\" decoding=\"async\" aria-describedby=\"caption-attachment-62813\" class=\"size-full wp-image-62813\" alt=\"Izavan comemora: Sele\u00e7\u00e3o de Itaporanga est\u00e1 na in\u00e9dita final da Copa TV Sergipe de Futsal. (Foto:  Ascom\/PMI)\" src=\"http:\/\/senoticias.com.br\/se\/wp-content\/uploads\/2014\/04\/DSC_0679.jpg\" width=\"599\" height=\"399\" srcset=\"https:\/\/senoticias.com.br\/se\/wp-content\/uploads\/2014\/04\/DSC_0679.jpg 599w, https:\/\/senoticias.com.br\/se\/wp-content\/uploads\/2014\/04\/DSC_0679-300x199.jpg 300w, https:\/\/senoticias.com.br\/se\/wp-content\/uploads\/2014\/04\/DSC_0679-342x227.jpg 342w\" sizes=\"(max-width: 599px) 100vw, 599px\" \/><\/a><p id=\"caption-attachment-62813\" class=\"wp-caption-text\">Izavan comemora: Sele\u00e7\u00e3o de Itaporanga est\u00e1 na in\u00e9dita final da Copa TV Sergipe de Futsal. (Foto: Ascom\/PMI)<\/p><\/div>\n<p style=\"text-align: justify;\">Uma das torcedoras mais empolgadas e vibrantes de Itaporanga, a prefeita Maria das Gra\u00e7as (Gracinha) comemorou a vit\u00f3ria da sele\u00e7\u00e3o azulina ao lado de centenas de torcedores.<\/p>\n<p style=\"text-align: justify;\">\u201cHoje \u00e9 um dia de muita alegria para o nosso povo, um dia hist\u00f3rico para nossa cidade. Assistir a nossa sele\u00e7\u00e3o vencer o jogo e garantir disputar a final \u00e9 motivo de muito orgulho para todos n\u00f3s itaporanguenses. A Prefeitura acreditou nesses novos talentos, investiu e, gra\u00e7as a Deus, estamos colhendo grandes frutos. Mas o grande fruto estar por vir que \u00e9 a conquista do campeonato, por\u00e9m, posso dizer que aonde chegamos j\u00e1 \u00e9 motivo de muito orgulho e comemora\u00e7\u00e3o\u201d, diz empolgada e confiante.<\/p>\n<div id=\"attachment_62815\" style=\"width: 609px\" class=\"wp-caption aligncenter\"><a href=\"http:\/\/senoticias.com.br\/se\/wp-content\/uploads\/2014\/04\/DSC_0690.jpg\"><img loading=\"lazy\" decoding=\"async\" aria-describedby=\"caption-attachment-62815\" class=\"size-full wp-image-62815\" alt=\"Torcida prestigiou a Sele\u00e7\u00e3o que pela primeira vez disputa a final da Copa TV sergipe de Futsal. (Foto: Ascom\/PMI)\" src=\"http:\/\/senoticias.com.br\/se\/wp-content\/uploads\/2014\/04\/DSC_0690.jpg\" width=\"599\" height=\"399\" srcset=\"https:\/\/senoticias.com.br\/se\/wp-content\/uploads\/2014\/04\/DSC_0690.jpg 599w, https:\/\/senoticias.com.br\/se\/wp-content\/uploads\/2014\/04\/DSC_0690-300x199.jpg 300w, https:\/\/senoticias.com.br\/se\/wp-content\/uploads\/2014\/04\/DSC_0690-342x227.jpg 342w\" sizes=\"(max-width: 599px) 100vw, 599px\" \/><\/a><p id=\"caption-attachment-62815\" class=\"wp-caption-text\">Torcida prestigiou a Sele\u00e7\u00e3o que pela primeira vez disputa a final da Copa TV sergipe de Futsal. (Foto: Ascom\/PMI)<\/p><\/div>\n<p><strong>Siga o SE Not\u00edcias pelo <a href=\" https:\/\/twitter.com\/Senoticias\" target=\"_blank\">Twitter<\/a> e curta no <a href=\" https:\/\/www.facebook.com\/PortalSENoticias\" target=\"_blank\">Facebook<\/a><\/strong><\/p>\n<p><em><strong>\u00a0<\/strong><\/em><\/p>\n","protected":false},"excerpt":{"rendered":"<p>For\u00e7a, garra e determina\u00e7\u00e3o. Esse foi o esp\u00edrito dos jogadores da Sele\u00e7\u00e3o de Itaporanga D\u2019Ajuda no jogo da semifinal da Copa TV Sergipe de Futsal. A partida, que colocou Itaporanga na final da competi\u00e7\u00e3o, lotou o Gin\u00e1sio de Esportes da cidade. Com uma torcida apaixonada e vibrante, a sele\u00e7\u00e3o itaporanguense superou a Sele\u00e7\u00e3o de Capela [&hellip;]<\/p>\n","protected":false},"author":1,"featured_media":62813,"comment_status":"closed","ping_status":"closed","sticky":false,"template":"","format":"standard","meta":{"footnotes":""},"categories":[39,38,8],"tags":[],"class_list":{"0":"post-62812","1":"post","2":"type-post","3":"status-publish","4":"format-standard","5":"has-post-thumbnail","7":"category-esporte","8":"category-municipios","9":"category-esporte-e-cultura"},"_links":{"self":[{"href":"https:\/\/senoticias.com.br\/se\/wp-json\/wp\/v2\/posts\/62812"}],"collection":[{"href":"https:\/\/senoticias.com.br\/se\/wp-json\/wp\/v2\/posts"}],"about":[{"href":"https:\/\/senoticias.com.br\/se\/wp-json\/wp\/v2\/types\/post"}],"author":[{"embeddable":true,"href":"https:\/\/senoticias.com.br\/se\/wp-json\/wp\/v2\/users\/1"}],"replies":[{"embeddable":true,"href":"https:\/\/senoticias.com.br\/se\/wp-json\/wp\/v2\/comments?post=62812"}],"version-history":[{"count":0,"href":"https:\/\/senoticias.com.br\/se\/wp-json\/wp\/v2\/posts\/62812\/revisions"}],"wp:featuredmedia":[{"embeddable":true,"href":"https:\/\/senoticias.com.br\/se\/wp-json\/wp\/v2\/media\/62813"}],"wp:attachment":[{"href":"https:\/\/senoticias.com.br\/se\/wp-json\/wp\/v2\/media?parent=62812"}],"wp:term":[{"taxonomy":"category","embeddable":true,"href":"https:\/\/senoticias.com.br\/se\/wp-json\/wp\/v2\/categories?post=62812"},{"taxonomy":"post_tag","embeddable":true,"href":"https:\/\/senoticias.com.br\/se\/wp-json\/wp\/v2\/tags?post=62812"}],"curies":[{"name":"wp","href":"https:\/\/api.w.org\/{rel}","templated":true}]}}