{"id":62806,"date":"2014-04-15T23:08:06","date_gmt":"2014-04-16T02:08:06","guid":{"rendered":"http:\/\/senoticias.com.br\/se\/?p=62806"},"modified":"2014-04-16T21:52:36","modified_gmt":"2014-04-17T00:52:36","slug":"jackson-inaugura-iluminacao-e-gramado-do-estadio-joao-hora","status":"publish","type":"post","link":"https:\/\/senoticias.com.br\/se\/jackson-inaugura-iluminacao-e-gramado-do-estadio-joao-hora\/","title":{"rendered":"Jackson inaugura ilumina\u00e7\u00e3o e gramado do est\u00e1dio Jo\u00e3o Hora"},"content":{"rendered":"<div id=\"attachment_62807\" style=\"width: 310px\" class=\"wp-caption alignright\"><a href=\"http:\/\/senoticias.com.br\/se\/wp-content\/uploads\/2014\/04\/IMG0144.jpg\"><img loading=\"lazy\" decoding=\"async\" aria-describedby=\"caption-attachment-62807\" class=\"size-medium wp-image-62807\" alt=\"O governador Jackson Barreto\/ASN | Foto: Marco Rodrigues\/ASN\" src=\"http:\/\/senoticias.com.br\/se\/wp-content\/uploads\/2014\/04\/IMG0144-300x199.jpg\" width=\"300\" height=\"199\" srcset=\"https:\/\/senoticias.com.br\/se\/wp-content\/uploads\/2014\/04\/IMG0144-300x199.jpg 300w, https:\/\/senoticias.com.br\/se\/wp-content\/uploads\/2014\/04\/IMG0144-342x227.jpg 342w, https:\/\/senoticias.com.br\/se\/wp-content\/uploads\/2014\/04\/IMG0144.jpg 643w\" sizes=\"(max-width: 300px) 100vw, 300px\" \/><\/a><p id=\"caption-attachment-62807\" class=\"wp-caption-text\">O governador Jackson Barreto\/ASN | Foto: Marco Rodrigues\/ASN<\/p><\/div>\n<p style=\"text-align: justify;\">Nesta quarta-feira, 16, o governador do Estado, Jackson Barreto, realiza um ato hist\u00f3rico em favor do esporte sergipano com a inaugura\u00e7\u00e3o do Gramado e da Ilumina\u00e7\u00e3o do Est\u00e1dio Jo\u00e3o Hora de Oliveira, que pertence ao Clube Esportivo Sergipe. A solenidade acontece a partir das 20h, na avenida Augusto Franco, bairro Siqueira Campos.<\/p>\n<p style=\"text-align: justify;\">Os investimentos resultam de contrato de patroc\u00ednio firmado entre o Banese e a Federa\u00e7\u00e3o Sergipana de Futebol, que repassou os recursos ao Sergipe e ao Confian\u00e7a para instala\u00e7\u00e3o da ilumina\u00e7\u00e3o e, no caso do Est\u00e1dio Jo\u00e3o Hora, para instala\u00e7\u00e3o de ilumina\u00e7\u00e3o e reforma do gramado.<\/p>\n<p style=\"text-align: justify;\">Com o investimento, o Banese e suas coligadas, Banese, Banese Card, Instituto Banese e Banese Corretora poder\u00e3o expor a sua marca nos est\u00e1dios Jo\u00e3o Hora pelo per\u00edodo de 10 anos.<\/p>\n<p style=\"text-align: justify;\">O contrato foi mais uma conquista do Governo do Estado para o esporte sergipano. Com a reforma do est\u00e1dio, o clube poder\u00e1 ter um maior n\u00famero de torcedores em seus jogos, gerando mais receita. Esses investimentos refor\u00e7am a caracter\u00edstica primordial do Banco de promover o desenvolvimento sustent\u00e1vel do estado. A medida visa garantir o funcionamento de pra\u00e7as esportivas na capital durante a reforma do Batist\u00e3o e atende a um desejo hist\u00f3rico da torcida do Sergipe.<\/p>\n<p style=\"text-align: justify;\">No \u00faltimo dia 20 de mar\u00e7o, o governador Jackson Barreto j\u00e1 havia\u00a0inaugurado\u00a0a reforma da ilumina\u00e7\u00e3o do Est\u00e1dio Sabino Ribeiro, somando um investimento de R$ 750 mil nos dois est\u00e1dios.<\/p>\n<p style=\"text-align: justify;\"><strong>Reforma do Batist\u00e3o<\/strong><\/p>\n<p style=\"text-align: justify;\">A reforma do Est\u00e1dio Lourival Batista tem investimento previsto de aproximadamente R$ 15 milh\u00f5es, recursos oriundos de conv\u00eanio com o Governo Federal, recurso OGU \u2013 emenda do Deputado Valadares Filho e contrapartida de cerca de 10% do Governo de Sergipe.<\/p>\n<p style=\"text-align: justify;\">O est\u00e1dio foi escolhido pela Sele\u00e7\u00e3o da Gr\u00e9cia de futebol como Centro de Treinamento para a Copa 2014. O Est\u00e1dio Lourival Baptista ter\u00e1 amplia\u00e7\u00e3o de tr\u00eas degraus das arquibancadas com a cria\u00e7\u00e3o de 1.813 novos lugares sentados com cadeira, ampliando, assim, sua capacidade para 14.500 lugares.<\/p>\n<p style=\"text-align: justify;\"><strong>Siga o SE Not\u00edcias pelo<a href=\" https:\/\/twitter.com\/Senoticias\" target=\"_blank\"> Twitter <\/a>e curta no <a href=\" https:\/\/www.facebook.com\/PortalSENoticias\" target=\"_blank\">Facebook<\/a><\/strong><\/p>\n","protected":false},"excerpt":{"rendered":"<p>Nesta quarta-feira, 16, o governador do Estado, Jackson Barreto, realiza um ato hist\u00f3rico em favor do esporte sergipano com a inaugura\u00e7\u00e3o do Gramado e da Ilumina\u00e7\u00e3o do Est\u00e1dio Jo\u00e3o Hora de Oliveira, que pertence ao Clube Esportivo Sergipe. A solenidade acontece a partir das 20h, na avenida Augusto Franco, bairro Siqueira Campos. Os investimentos resultam [&hellip;]<\/p>\n","protected":false},"author":1,"featured_media":62807,"comment_status":"closed","ping_status":"closed","sticky":false,"template":"","format":"standard","meta":{"footnotes":""},"categories":[7],"tags":[],"class_list":{"0":"post-62806","1":"post","2":"type-post","3":"status-publish","4":"format-standard","5":"has-post-thumbnail","7":"category-policia"},"_links":{"self":[{"href":"https:\/\/senoticias.com.br\/se\/wp-json\/wp\/v2\/posts\/62806"}],"collection":[{"href":"https:\/\/senoticias.com.br\/se\/wp-json\/wp\/v2\/posts"}],"about":[{"href":"https:\/\/senoticias.com.br\/se\/wp-json\/wp\/v2\/types\/post"}],"author":[{"embeddable":true,"href":"https:\/\/senoticias.com.br\/se\/wp-json\/wp\/v2\/users\/1"}],"replies":[{"embeddable":true,"href":"https:\/\/senoticias.com.br\/se\/wp-json\/wp\/v2\/comments?post=62806"}],"version-history":[{"count":0,"href":"https:\/\/senoticias.com.br\/se\/wp-json\/wp\/v2\/posts\/62806\/revisions"}],"wp:featuredmedia":[{"embeddable":true,"href":"https:\/\/senoticias.com.br\/se\/wp-json\/wp\/v2\/media\/62807"}],"wp:attachment":[{"href":"https:\/\/senoticias.com.br\/se\/wp-json\/wp\/v2\/media?parent=62806"}],"wp:term":[{"taxonomy":"category","embeddable":true,"href":"https:\/\/senoticias.com.br\/se\/wp-json\/wp\/v2\/categories?post=62806"},{"taxonomy":"post_tag","embeddable":true,"href":"https:\/\/senoticias.com.br\/se\/wp-json\/wp\/v2\/tags?post=62806"}],"curies":[{"name":"wp","href":"https:\/\/api.w.org\/{rel}","templated":true}]}}