{"id":62794,"date":"2014-04-15T18:07:02","date_gmt":"2014-04-15T21:07:02","guid":{"rendered":"http:\/\/senoticias.com.br\/se\/?p=62794"},"modified":"2014-04-15T18:07:02","modified_gmt":"2014-04-15T21:07:02","slug":"comecam-as-aulas-do-mova-brasil-em-sergipe","status":"publish","type":"post","link":"https:\/\/senoticias.com.br\/se\/comecam-as-aulas-do-mova-brasil-em-sergipe\/","title":{"rendered":"Come\u00e7am as aulas do Mova-Brasil em Sergipe"},"content":{"rendered":"<div id=\"attachment_62796\" style=\"width: 310px\" class=\"wp-caption alignright\"><a href=\"http:\/\/senoticias.com.br\/se\/wp-content\/uploads\/2014\/04\/grande-movabrasil_140414.jpg\"><img loading=\"lazy\" decoding=\"async\" aria-describedby=\"caption-attachment-62796\" class=\"size-medium wp-image-62796\" alt=\"Projeto da Petrobras pretende reduzir o analfabetismo em SE (Foto: divulga\u00e7\u00e3o)\" src=\"http:\/\/senoticias.com.br\/se\/wp-content\/uploads\/2014\/04\/grande-movabrasil_140414-300x199.jpg\" width=\"300\" height=\"199\" srcset=\"https:\/\/senoticias.com.br\/se\/wp-content\/uploads\/2014\/04\/grande-movabrasil_140414-300x199.jpg 300w, https:\/\/senoticias.com.br\/se\/wp-content\/uploads\/2014\/04\/grande-movabrasil_140414-342x227.jpg 342w, https:\/\/senoticias.com.br\/se\/wp-content\/uploads\/2014\/04\/grande-movabrasil_140414.jpg 1000w\" sizes=\"(max-width: 300px) 100vw, 300px\" \/><\/a><p id=\"caption-attachment-62796\" class=\"wp-caption-text\">Projeto da Petrobras pretende reduzir o analfabetismo em SE (Foto: divulga\u00e7\u00e3o)<\/p><\/div>\n<p style=\"text-align: justify;\">O projeto social Mova Brasil, que tem como objetivo contribuir para a redu\u00e7\u00e3o do analfabetismo no pa\u00eds entre jovens e adultos, come\u00e7ar\u00e1 as aulas inaugurais das turmas da 5\u00aa etapa do projeto. O projeto \u00e9 desenvolvido h\u00e1 10 anos pela Petrobras, por meio do Programa Petrobras Socioambiental, pelo Instituto Paulo Freire e pela a Federa\u00e7\u00e3o \u00danica dos Petroleiros (FUP).<\/p>\n<p style=\"text-align: justify;\">Neste ano, as turmas no estado Sergipe devem reunir cerca de 1500 alunos, divididos em 60 turmas nos n\u00facleos de Nossa Senhora de Lurdes, Amparo do S\u00e3o Francisco, Propri\u00e1, Ne\u00f3polis, Santana do S\u00e3o Francisco, Brejo Grande, Pacatuba, Feira Nova, Laranjeiras, Aracaju, S\u00e3o Cristov\u00e3o, Nossa Senhora do Socorro, Lagarto, Boquim, Itaporanga D\u2019ajuda, Indiaroba, Salgado e ainda dois munic\u00edpios pertencentes ao estado da Bahia, Janda\u00edra e Conde. As aulas inaugurais das turmas deste ciclo ser\u00e3o realizadas hoje, 14 de abril.<\/p>\n<p style=\"text-align: justify;\">As turmas s\u00e3o organizadas em espa\u00e7os da comunidade (como escolas, igrejas, associa\u00e7\u00f5es e clubes) com formadores da pr\u00f3pria comunidade que s\u00e3o capacitados e supervisionados por educadores do Instituto Paulo Freire. A a\u00e7\u00e3o pedag\u00f3gica dura aproximadamente 9 meses, e \u00e9 desenvolvida por meio da imers\u00e3o e da problematiza\u00e7\u00e3o sobre a realidade, fundamentada nos princ\u00edpios filos\u00f3ficos, pol\u00edticos e pedag\u00f3gicos de Paulo Freire. <strong><a href=\"http:\/\/www.movabrasil.org.br\/\" target=\"_blank\">Mais informa\u00e7\u00f5es sobre o projeto podem ser conferidas no site.<\/a><\/strong><\/p>\n<p style=\"text-align: justify;\"><strong>\u00cdndices<\/strong><\/p>\n<p style=\"text-align: justify;\">Mais de 278.221 mil moradores do estado Sergipe com idade acima de 15 anos n\u00e3o sabem ler ou escrever. O n\u00famero equivale a 18,4 % da popula\u00e7\u00e3o do estado, de acordo com dados do censo 2010(verificar) realizado pelo Instituto Brasileiro de Geografia e Estat\u00edstica (IBGE). Se comparados os \u00edndices, o n\u00famero ainda \u00e9 o dobro da m\u00e9dia geral do pa\u00eds que gira em torno dos 9,6%. Entretanto, o estado j\u00e1 registra avan\u00e7os nos \u00faltimos 10 anos, per\u00edodo no qual a taxa de analfabetismo entre pessoas acima de quinze anos de idade foi reduzida em 6,9%.<\/p>\n<p style=\"text-align: justify;\">Em 10 anos de parceria com a Petrobras, o Projeto Mova Brasil alfabetizou 172.476 mil brasileiros e brasileiras maiores de 15 anos. A previs\u00e3o \u00e9 que de 2013 a 2014 o Mova-Brasil alfabetize 31.550 mil pessoas, divididas em 1.262 mil turmas nos estados de Alagoas, Amaz\u00f4nia, Bahia, Cear\u00e1, Minas Gerais, Para\u00edba, Pernambuco, Rio Grande do Norte, Sergipe e Rio de Janeiro. Em 2013, 1.159 munic\u00edpios em 10 estados brasileiros foram contemplados com o projeto.<\/p>\n<p style=\"text-align: justify;\">O Mova-Brasil integra o programa Petrobras Socioambiental: Desenvolvimento Sustent\u00e1vel e Promo\u00e7\u00e3o de Direitos. O programa dever\u00e1 investir R$ 1,5 bilh\u00e3o at\u00e9 2018, em projetos com foco nas linhas de atua\u00e7\u00e3o: Produ\u00e7\u00e3o Inclusiva e Sustent\u00e1vel, Biodiversidade e Sociodiversidade, Direitos da Crian\u00e7a e do Adolescente, Florestas e Clima, Educa\u00e7\u00e3o, \u00c1gua e Esporte.<\/p>\n<p style=\"text-align: justify;\"><em>Fonte: Petrobras\u00a0<\/em><\/p>\n<p style=\"text-align: justify;\"><strong>Siga o SE Not\u00edcias pelo <a href=\"https:\/\/twitter.com\/Senoticias\" target=\"_blank\">Twitter<\/a> e curta pelo <a href=\"https:\/\/www.facebook.com\/PortalSENoticias?ref=hl\" target=\"_blank\">Facebook\u00a0<\/a><\/strong><\/p>\n","protected":false},"excerpt":{"rendered":"<p>O projeto social Mova Brasil, que tem como objetivo contribuir para a redu\u00e7\u00e3o do analfabetismo no pa\u00eds entre jovens e adultos, come\u00e7ar\u00e1 as aulas inaugurais das turmas da 5\u00aa etapa do projeto. O projeto \u00e9 desenvolvido h\u00e1 10 anos pela Petrobras, por meio do Programa Petrobras Socioambiental, pelo Instituto Paulo Freire e pela a Federa\u00e7\u00e3o [&hellip;]<\/p>\n","protected":false},"author":1,"featured_media":62796,"comment_status":"closed","ping_status":"closed","sticky":false,"template":"","format":"standard","meta":{"footnotes":""},"categories":[44],"tags":[],"class_list":{"0":"post-62794","1":"post","2":"type-post","3":"status-publish","4":"format-standard","5":"has-post-thumbnail","7":"category-educacao"},"_links":{"self":[{"href":"https:\/\/senoticias.com.br\/se\/wp-json\/wp\/v2\/posts\/62794"}],"collection":[{"href":"https:\/\/senoticias.com.br\/se\/wp-json\/wp\/v2\/posts"}],"about":[{"href":"https:\/\/senoticias.com.br\/se\/wp-json\/wp\/v2\/types\/post"}],"author":[{"embeddable":true,"href":"https:\/\/senoticias.com.br\/se\/wp-json\/wp\/v2\/users\/1"}],"replies":[{"embeddable":true,"href":"https:\/\/senoticias.com.br\/se\/wp-json\/wp\/v2\/comments?post=62794"}],"version-history":[{"count":0,"href":"https:\/\/senoticias.com.br\/se\/wp-json\/wp\/v2\/posts\/62794\/revisions"}],"wp:featuredmedia":[{"embeddable":true,"href":"https:\/\/senoticias.com.br\/se\/wp-json\/wp\/v2\/media\/62796"}],"wp:attachment":[{"href":"https:\/\/senoticias.com.br\/se\/wp-json\/wp\/v2\/media?parent=62794"}],"wp:term":[{"taxonomy":"category","embeddable":true,"href":"https:\/\/senoticias.com.br\/se\/wp-json\/wp\/v2\/categories?post=62794"},{"taxonomy":"post_tag","embeddable":true,"href":"https:\/\/senoticias.com.br\/se\/wp-json\/wp\/v2\/tags?post=62794"}],"curies":[{"name":"wp","href":"https:\/\/api.w.org\/{rel}","templated":true}]}}