{"id":62792,"date":"2014-04-15T18:02:58","date_gmt":"2014-04-15T21:02:58","guid":{"rendered":"http:\/\/senoticias.com.br\/se\/?p=62792"},"modified":"2014-04-15T18:02:58","modified_gmt":"2014-04-15T21:02:58","slug":"taca-da-copa-do-mundo-estara-em-aracaju","status":"publish","type":"post","link":"https:\/\/senoticias.com.br\/se\/taca-da-copa-do-mundo-estara-em-aracaju\/","title":{"rendered":"Ta\u00e7a da Copa do Mundo estar\u00e1 em Aracaju"},"content":{"rendered":"<div id=\"attachment_62793\" style=\"width: 310px\" class=\"wp-caption alignright\"><a href=\"http:\/\/senoticias.com.br\/se\/wp-content\/uploads\/2014\/04\/grande-toru-taca-mundo15042014.jpg\"><img loading=\"lazy\" decoding=\"async\" aria-describedby=\"caption-attachment-62793\" class=\"size-medium wp-image-62793\" alt=\"(Foto: Fifa\/Facebook)\" src=\"http:\/\/senoticias.com.br\/se\/wp-content\/uploads\/2014\/04\/grande-toru-taca-mundo15042014-300x199.jpg\" width=\"300\" height=\"199\" srcset=\"https:\/\/senoticias.com.br\/se\/wp-content\/uploads\/2014\/04\/grande-toru-taca-mundo15042014-300x199.jpg 300w, https:\/\/senoticias.com.br\/se\/wp-content\/uploads\/2014\/04\/grande-toru-taca-mundo15042014-342x227.jpg 342w, https:\/\/senoticias.com.br\/se\/wp-content\/uploads\/2014\/04\/grande-toru-taca-mundo15042014.jpg 1000w\" sizes=\"(max-width: 300px) 100vw, 300px\" \/><\/a><p id=\"caption-attachment-62793\" class=\"wp-caption-text\">(Foto: Fifa\/Facebook)<\/p><\/div>\n<p style=\"text-align: justify;\">O Comit\u00ea Organizador da Copa do Mundo da Fifa (Federa\u00e7\u00e3o Internacional de Futebol) divulgou por meio do Facebook a rela\u00e7\u00e3o das cidades contempladas pela passagem da ta\u00e7a da Copa do Mundo 2014.<\/p>\n<p style=\"text-align: justify;\">A capital sergipana receber\u00e1 o Tour da Ta\u00e7a da Copa do Mundo no dia 9 de maio. O local onde a ta\u00e7a ser\u00e1 exposta ainda n\u00e3o foi divulgado.<\/p>\n<p style=\"text-align: justify;\"><em>Com informa\u00e7\u00f5es do Portal Infonet<\/em><\/p>\n<p style=\"text-align: justify;\"><strong>Siga o SE Not\u00edcias pelo <a href=\"https:\/\/twitter.com\/Senoticias\" target=\"_blank\">Twitter <\/a>e curta no <a href=\"https:\/\/www.facebook.com\/PortalSENoticias?ref=hl\" target=\"_blank\">Facebook\u00a0<\/a><\/strong><\/p>\n<p style=\"text-align: justify;\">\n","protected":false},"excerpt":{"rendered":"<p>O Comit\u00ea Organizador da Copa do Mundo da Fifa (Federa\u00e7\u00e3o Internacional de Futebol) divulgou por meio do Facebook a rela\u00e7\u00e3o das cidades contempladas pela passagem da ta\u00e7a da Copa do Mundo 2014. A capital sergipana receber\u00e1 o Tour da Ta\u00e7a da Copa do Mundo no dia 9 de maio. O local onde a ta\u00e7a ser\u00e1 [&hellip;]<\/p>\n","protected":false},"author":1,"featured_media":62793,"comment_status":"closed","ping_status":"closed","sticky":false,"template":"","format":"standard","meta":{"footnotes":""},"categories":[39],"tags":[],"class_list":{"0":"post-62792","1":"post","2":"type-post","3":"status-publish","4":"format-standard","5":"has-post-thumbnail","7":"category-esporte"},"_links":{"self":[{"href":"https:\/\/senoticias.com.br\/se\/wp-json\/wp\/v2\/posts\/62792"}],"collection":[{"href":"https:\/\/senoticias.com.br\/se\/wp-json\/wp\/v2\/posts"}],"about":[{"href":"https:\/\/senoticias.com.br\/se\/wp-json\/wp\/v2\/types\/post"}],"author":[{"embeddable":true,"href":"https:\/\/senoticias.com.br\/se\/wp-json\/wp\/v2\/users\/1"}],"replies":[{"embeddable":true,"href":"https:\/\/senoticias.com.br\/se\/wp-json\/wp\/v2\/comments?post=62792"}],"version-history":[{"count":0,"href":"https:\/\/senoticias.com.br\/se\/wp-json\/wp\/v2\/posts\/62792\/revisions"}],"wp:featuredmedia":[{"embeddable":true,"href":"https:\/\/senoticias.com.br\/se\/wp-json\/wp\/v2\/media\/62793"}],"wp:attachment":[{"href":"https:\/\/senoticias.com.br\/se\/wp-json\/wp\/v2\/media?parent=62792"}],"wp:term":[{"taxonomy":"category","embeddable":true,"href":"https:\/\/senoticias.com.br\/se\/wp-json\/wp\/v2\/categories?post=62792"},{"taxonomy":"post_tag","embeddable":true,"href":"https:\/\/senoticias.com.br\/se\/wp-json\/wp\/v2\/tags?post=62792"}],"curies":[{"name":"wp","href":"https:\/\/api.w.org\/{rel}","templated":true}]}}