{"id":62787,"date":"2014-04-15T18:04:28","date_gmt":"2014-04-15T21:04:28","guid":{"rendered":"http:\/\/senoticias.com.br\/se\/?p=62787"},"modified":"2014-04-15T18:13:31","modified_gmt":"2014-04-15T21:13:31","slug":"defensoria-publica-pede-aplicacao-da-multa-diaria-de-10-mil-em-favor-do-prefeito-de-aracaju","status":"publish","type":"post","link":"https:\/\/senoticias.com.br\/se\/defensoria-publica-pede-aplicacao-da-multa-diaria-de-10-mil-em-favor-do-prefeito-de-aracaju\/","title":{"rendered":"Defensoria P\u00fablica pede aplica\u00e7\u00e3o da multa di\u00e1ria de 10 mil em favor do prefeito de Aracaju"},"content":{"rendered":"<p><b><i>\u00a0<\/i><\/b><\/p>\n<p style=\"text-align: justify;\">\n<div id=\"attachment_62799\" style=\"width: 310px\" class=\"wp-caption alignright\"><a href=\"http:\/\/senoticias.com.br\/se\/wp-content\/uploads\/2014\/04\/36201374817.jpg\"><img loading=\"lazy\" decoding=\"async\" aria-describedby=\"caption-attachment-62799\" class=\"size-medium wp-image-62799\" alt=\"Prazo para cumprimento da Liminar em favor dos ocupantes expirou na \u00faltima quinta-feira, 10. (Divulga\u00e7\u00e3o)\" src=\"http:\/\/senoticias.com.br\/se\/wp-content\/uploads\/2014\/04\/36201374817-300x225.jpg\" width=\"300\" height=\"225\" srcset=\"https:\/\/senoticias.com.br\/se\/wp-content\/uploads\/2014\/04\/36201374817-300x225.jpg 300w, https:\/\/senoticias.com.br\/se\/wp-content\/uploads\/2014\/04\/36201374817-342x256.jpg 342w, https:\/\/senoticias.com.br\/se\/wp-content\/uploads\/2014\/04\/36201374817-60x45.jpg 60w, https:\/\/senoticias.com.br\/se\/wp-content\/uploads\/2014\/04\/36201374817-150x113.jpg 150w, https:\/\/senoticias.com.br\/se\/wp-content\/uploads\/2014\/04\/36201374817-269x201.jpg 269w, https:\/\/senoticias.com.br\/se\/wp-content\/uploads\/2014\/04\/36201374817.jpg 640w\" sizes=\"(max-width: 300px) 100vw, 300px\" \/><\/a><p id=\"caption-attachment-62799\" class=\"wp-caption-text\">Prazo para cumprimento da Liminar em favor dos ocupantes expirou na \u00faltima quinta-feira, 10. (Divulga\u00e7\u00e3o)<\/p><\/div>\n<p style=\"text-align: justify;\">A Defensoria P\u00fablica do Estado de Sergipe, atrav\u00e9s dos N\u00facleos de Bairros e Direitos Humanos, protocolou pedido junto ao ju\u00edzo da 3\u00aa Vara C\u00edvel da Comarca de Aracaju para o cumprimento da decis\u00e3o judicial que determina a concess\u00e3o de aux\u00edlio moradia e local digno para as fam\u00edlias que ocupam o antigo Casar\u00e3o do Parque, localizado no Centro da Capital.<\/p>\n<p style=\"text-align: justify;\">Na peti\u00e7\u00e3o, os defensores p\u00fablicos pedem a aplica\u00e7\u00e3o da multa de R$ 10 mil por dia de descumprimento em favor do prefeito Jo\u00e3o Alves Filho, limitando em R$ 200 mil.<\/p>\n<p style=\"text-align: justify;\">O munic\u00edpio de Aracaju teve tr\u00eas dias para cumprir a liminar, mas este prazo foi expirado no \u00faltimo dia 10, sem nenhuma provid\u00eancia por parte do gestor. \u201cFoi requerido o cumprimento da decis\u00e3o primeiro em raz\u00e3o da efic\u00e1cia total da liminar concedida pela magistrada e segundo diante do total desespero que as fam\u00edlias se encontram, tendo em vista que o referido pr\u00e9dio n\u00e3o tem condi\u00e7\u00f5es de abrigar as fam\u00edlias\u201d, disse o defensor p\u00fablico e coordenador do N\u00facleo de Bairros, Alfredo Nikolaus.<\/p>\n<p style=\"text-align: justify;\">De acordo Nikolaus, o fato \u00e9 de extrema urg\u00eancia. \u201cA prefeitura de Aracaju deve realizar o mais breve poss\u00edvel o cadastro e conceder auxilio moradia \u00e0s fam\u00edlias que preenchem os requisitos contidos na Lei Municipal que rege a mat\u00e9ria, cumprindo sua fun\u00e7\u00e3o constitucional de prestar assist\u00eancia social \u00e0s pessoas que necessitam\u201d, ressaltou.<\/p>\n<p style=\"text-align: justify;\">\u201cA execu\u00e7\u00e3o provis\u00f3ria, ou seja, antes do tr\u00e2nsito em julgado da multa imposta liminarmente, tem por escopo de press\u00e3o coercitiva sobre as autoridades do munic\u00edpio respons\u00e1veis pela efetiva\u00e7\u00e3o imediata da decis\u00e3o antecipat\u00f3ria, de modo a viabilizar a r\u00e1pida solu\u00e7\u00e3o da quest\u00e3o do Casar\u00e3o, os quais t\u00eam sobre as suas cabe\u00e7as a espada de decis\u00e3o de reintegra\u00e7\u00e3o, por hora adiada, no sentido da destina\u00e7\u00e3o de local de moradia, ainda que provis\u00f3rio, no caso de ocorrer a remo\u00e7\u00e3o for\u00e7ada\u201d, ponderou o defensor p\u00fablico e coordenador do N\u00facleo de Direitos Humanos, Miguel Cerqueira.<\/p>\n<p><strong>Siga o SE Not\u00edcias pelo <a href=\" https:\/\/twitter.com\/Senoticias\" target=\"_blank\">Twitter <\/a>e curta no <a href=\" https:\/\/www.facebook.com\/PortalSENoticias\" target=\"_blank\">Facebook<\/a><\/strong><\/p>\n<p><em><strong>por D\u00e9bora Matos, da Assessoria de Imprensa\u00a0<\/strong><\/em><\/p>\n","protected":false},"excerpt":{"rendered":"<p>\u00a0 A Defensoria P\u00fablica do Estado de Sergipe, atrav\u00e9s dos N\u00facleos de Bairros e Direitos Humanos, protocolou pedido junto ao ju\u00edzo da 3\u00aa Vara C\u00edvel da Comarca de Aracaju para o cumprimento da decis\u00e3o judicial que determina a concess\u00e3o de aux\u00edlio moradia e local digno para as fam\u00edlias que ocupam o antigo Casar\u00e3o do Parque, [&hellip;]<\/p>\n","protected":false},"author":1,"featured_media":62799,"comment_status":"closed","ping_status":"closed","sticky":false,"template":"","format":"standard","meta":{"footnotes":""},"categories":[6],"tags":[],"class_list":{"0":"post-62787","1":"post","2":"type-post","3":"status-publish","4":"format-standard","5":"has-post-thumbnail","7":"category-politica"},"_links":{"self":[{"href":"https:\/\/senoticias.com.br\/se\/wp-json\/wp\/v2\/posts\/62787"}],"collection":[{"href":"https:\/\/senoticias.com.br\/se\/wp-json\/wp\/v2\/posts"}],"about":[{"href":"https:\/\/senoticias.com.br\/se\/wp-json\/wp\/v2\/types\/post"}],"author":[{"embeddable":true,"href":"https:\/\/senoticias.com.br\/se\/wp-json\/wp\/v2\/users\/1"}],"replies":[{"embeddable":true,"href":"https:\/\/senoticias.com.br\/se\/wp-json\/wp\/v2\/comments?post=62787"}],"version-history":[{"count":0,"href":"https:\/\/senoticias.com.br\/se\/wp-json\/wp\/v2\/posts\/62787\/revisions"}],"wp:featuredmedia":[{"embeddable":true,"href":"https:\/\/senoticias.com.br\/se\/wp-json\/wp\/v2\/media\/62799"}],"wp:attachment":[{"href":"https:\/\/senoticias.com.br\/se\/wp-json\/wp\/v2\/media?parent=62787"}],"wp:term":[{"taxonomy":"category","embeddable":true,"href":"https:\/\/senoticias.com.br\/se\/wp-json\/wp\/v2\/categories?post=62787"},{"taxonomy":"post_tag","embeddable":true,"href":"https:\/\/senoticias.com.br\/se\/wp-json\/wp\/v2\/tags?post=62787"}],"curies":[{"name":"wp","href":"https:\/\/api.w.org\/{rel}","templated":true}]}}