{"id":62783,"date":"2014-04-15T17:30:12","date_gmt":"2014-04-15T20:30:12","guid":{"rendered":"http:\/\/senoticias.com.br\/se\/?p=62783"},"modified":"2014-04-17T07:20:43","modified_gmt":"2014-04-17T10:20:43","slug":"governo-propoe-salario-minimo-de-r-77979-para-2015","status":"publish","type":"post","link":"https:\/\/senoticias.com.br\/se\/governo-propoe-salario-minimo-de-r-77979-para-2015\/","title":{"rendered":"Governo prop\u00f5e sal\u00e1rio m\u00ednimo de R$ 779,79 para 2015"},"content":{"rendered":"<p style=\"text-align: justify;\"><em><strong>Alexandro Martello,\u00a0Do G1, em Bras\u00edlia<\/strong><\/em><\/p>\n<div id=\"attachment_62785\" style=\"width: 310px\" class=\"wp-caption alignright\"><a href=\"http:\/\/senoticias.com.br\/se\/wp-content\/uploads\/2014\/04\/economia_15041118_gd.jpg\"><img loading=\"lazy\" decoding=\"async\" aria-describedby=\"caption-attachment-62785\" class=\"size-medium wp-image-62785\" alt=\"Governo prop\u00f5e sal\u00e1rio m\u00ednimo de R$ 779,79. (Divulga\u00e7\u00e3o)\" src=\"http:\/\/senoticias.com.br\/se\/wp-content\/uploads\/2014\/04\/economia_15041118_gd-300x197.jpg\" width=\"300\" height=\"197\" srcset=\"https:\/\/senoticias.com.br\/se\/wp-content\/uploads\/2014\/04\/economia_15041118_gd-300x197.jpg 300w, https:\/\/senoticias.com.br\/se\/wp-content\/uploads\/2014\/04\/economia_15041118_gd-342x225.jpg 342w, https:\/\/senoticias.com.br\/se\/wp-content\/uploads\/2014\/04\/economia_15041118_gd.jpg 380w\" sizes=\"(max-width: 300px) 100vw, 300px\" \/><\/a><p id=\"caption-attachment-62785\" class=\"wp-caption-text\">Governo prop\u00f5e sal\u00e1rio m\u00ednimo de R$ 779,79. (Divulga\u00e7\u00e3o)<\/p><\/div>\n<p style=\"text-align: justify;\">O governo federal prop\u00f4s que o sal\u00e1rio m\u00ednimo, que serve de refer\u00eancia para mais 45 milh\u00f5es de pessoas no Brasil, suba dos atuais R$ 724 para R$ 779,79 a partir de janeiro de 2015.<\/p>\n<p style=\"text-align: justify;\">O percentual de corre\u00e7\u00e3o do sal\u00e1rio m\u00ednimo, pela proposta do governo, ser\u00e1 de 7,71% no pr\u00f3ximo ano.<\/p>\n<p style=\"text-align: justify;\">A informa\u00e7\u00e3o consta na proposta da Lei de Diretrizes Or\u00e7ament\u00e1rias (LDO), divulgada nesta ter\u00e7a-feira (15) pelo Minist\u00e9rio do Planejamento, Or\u00e7amento e Gest\u00e3o. O documento est\u00e1 sendo enviado hoje ao Congresso Nacional.<\/p>\n<p style=\"text-align: justify;\"><strong> O que estava previsto antes<\/strong><\/p>\n<p style=\"text-align: justify;\">Em 2012, o governo previa que o sal\u00e1rio m\u00ednimo superasse a barreira dos R$ 800 em 2015. Mas o crescimento do Produto Interno Bruto (PIB) ficou abaixo do que o governo esperava naquela \u00e9poca, o que vai resultar em uma alta menor do m\u00ednimo.<\/p>\n<p style=\"text-align: justify;\">A explica\u00e7\u00e3o \u00e9 que a corre\u00e7\u00e3o do sal\u00e1rio m\u00ednimo \u00e9 definida pela varia\u00e7\u00e3o do \u00cdndice Nacional de Pre\u00e7os ao Consumidor (INPC), \u00edndice de infla\u00e7\u00e3o calculado pelo IBGE, do ano anterior ao reajuste, somada ao aumento do PIB de dois anos antes, o que proporciona ganhos reais \u2013 acima da infla\u00e7\u00e3o \u2013 para os assalariados. Essa f\u00f3rmula foi mantida em 2011 pelo Congresso.<\/p>\n<p style=\"text-align: justify;\">Em abril de 2012, na proposta da LDO do ano seguinte, o governo previa que o sal\u00e1rio m\u00ednimo somaria R$ 803,93 no come\u00e7o de 2015. Em mar\u00e7o do ano passado, a estimativa do Executivo para o valor do sal\u00e1rio m\u00ednimo do pr\u00f3ximo ano j\u00e1 havia recuado para R$ 778,17 \u2013 subindo agora para R$ 779,79.<\/p>\n<p style=\"text-align: justify;\"><strong> \u00daltimo ano da f\u00f3rmula atual<\/strong><\/p>\n<p style=\"text-align: justify;\">Pelas regras atuais, o ano de 2015 ser\u00e1 o \u00faltimo no qual ser\u00e1 adotada a atual f\u00f3rmula de corre\u00e7\u00e3o do sal\u00e1rio m\u00ednimo, ou seja, varia\u00e7\u00e3o da infla\u00e7\u00e3o do ano anterior e do PIB de dois anos antes. Isso foi definido pelo Congresso Nacional no in\u00edcio de 2011.<\/p>\n<p style=\"text-align: justify;\">Para manter esse formato de corre\u00e7\u00e3o, o novo governo, que toma posse no pr\u00f3ximo ano, ter\u00e1 de submeter novamente uma proposta para aprecia\u00e7\u00e3o do Congresso Nacional &#8211; que tamb\u00e9m contar\u00e1 com novos integrantes. O formato tamb\u00e9m pode ser alterado, aumentando os ganhos para os trabalhadores, ou, tamb\u00e9m, diminuindo.<\/p>\n<p style=\"text-align: justify;\">&#8220;A regra est\u00e1 fixada at\u00e9 2015. Caber\u00e1, em 2015, discutir qual ser\u00e1 a nova regra. A cada ano, a sua agonia. Vamos deixar a discuss\u00e3o para o momento adequado&#8221;, afirmou o ministro da Fazenda, Guido Mantega.<\/p>\n<p style=\"text-align: justify;\"><strong> Nova decis\u00e3o sobre corre\u00e7\u00e3o<\/strong><\/p>\n<p style=\"text-align: justify;\">Para o economista do Instituto de Pesquisa Econ\u00f4mica Aplicada (Ipea) Mansueto Almeida, a decis\u00e3o sobre a f\u00f3rmula de corre\u00e7\u00e3o do sal\u00e1rio m\u00ednimo n\u00e3o \u00e9 econ\u00f4mica, e sim pol\u00edtica. &#8220;O governo tem que mostrar o custo disso e levar o debate para o Congresso [em 2015]. \u00c9 um tema bastante complicado&#8221;, avaliou.<\/p>\n<p style=\"text-align: justify;\">Ele disse que a atual f\u00f3rmula (infla\u00e7\u00e3o mais varia\u00e7\u00e3o do PIB nominal) permitiu um aumento real (acima da infla\u00e7\u00e3o) de 72% para o sal\u00e1rio m\u00ednimo nos \u00faltimos dez anos, o que contribuiu para diminuir as desigualdades sociais no Brasil. Por outro lado, acrescentou o economista, o reajuste real do m\u00ednimo impactou as contas p\u00fablicas \u2013 com aumento de gastos com previd\u00eancia, seguro-desemprego e assist\u00eancia social \u2013, diminuiu a produtividade da ind\u00fastria e pressionou a infla\u00e7\u00e3o.<\/p>\n<p style=\"text-align: justify;\">&#8220;\u00c9 um tema supercomplicado. No calend\u00e1rio eleitoral, o debate tende a ficar parado, esperando o pr\u00f3ximo ano. O presidente tem de levar para o Congresso e explicar para a sociedade se quer continuar com a regra atual. \u00c9 uma decis\u00e3o leg\u00edtima, mas que tem custos. Qualquer regra tem custos&#8221;, declarou Mansueto Almeida.<\/p>\n<p>\u00a0<strong>Siga o SE Not\u00edcias pelo <a href=\" https:\/\/twitter.com\/Senoticias\" target=\"_blank\">Twitt<\/a><\/strong><strong><a href=\" https:\/\/twitter.com\/Senoticias\" target=\"_blank\">er<\/a> e curta no <a href=\" https:\/\/www.facebook.com\/PortalSENoticias\" target=\"_blank\">Facebook<\/a><\/strong><\/p>\n<p>&nbsp;<\/p>\n","protected":false},"excerpt":{"rendered":"<p>Alexandro Martello,\u00a0Do G1, em Bras\u00edlia O governo federal prop\u00f4s que o sal\u00e1rio m\u00ednimo, que serve de refer\u00eancia para mais 45 milh\u00f5es de pessoas no Brasil, suba dos atuais R$ 724 para R$ 779,79 a partir de janeiro de 2015. O percentual de corre\u00e7\u00e3o do sal\u00e1rio m\u00ednimo, pela proposta do governo, ser\u00e1 de 7,71% no pr\u00f3ximo [&hellip;]<\/p>\n","protected":false},"author":1,"featured_media":62785,"comment_status":"closed","ping_status":"closed","sticky":false,"template":"","format":"standard","meta":{"footnotes":""},"categories":[310,6],"tags":[],"class_list":{"0":"post-62783","1":"post","2":"type-post","3":"status-publish","4":"format-standard","5":"has-post-thumbnail","7":"category-destaques-da-semana","8":"category-politica"},"_links":{"self":[{"href":"https:\/\/senoticias.com.br\/se\/wp-json\/wp\/v2\/posts\/62783"}],"collection":[{"href":"https:\/\/senoticias.com.br\/se\/wp-json\/wp\/v2\/posts"}],"about":[{"href":"https:\/\/senoticias.com.br\/se\/wp-json\/wp\/v2\/types\/post"}],"author":[{"embeddable":true,"href":"https:\/\/senoticias.com.br\/se\/wp-json\/wp\/v2\/users\/1"}],"replies":[{"embeddable":true,"href":"https:\/\/senoticias.com.br\/se\/wp-json\/wp\/v2\/comments?post=62783"}],"version-history":[{"count":0,"href":"https:\/\/senoticias.com.br\/se\/wp-json\/wp\/v2\/posts\/62783\/revisions"}],"wp:featuredmedia":[{"embeddable":true,"href":"https:\/\/senoticias.com.br\/se\/wp-json\/wp\/v2\/media\/62785"}],"wp:attachment":[{"href":"https:\/\/senoticias.com.br\/se\/wp-json\/wp\/v2\/media?parent=62783"}],"wp:term":[{"taxonomy":"category","embeddable":true,"href":"https:\/\/senoticias.com.br\/se\/wp-json\/wp\/v2\/categories?post=62783"},{"taxonomy":"post_tag","embeddable":true,"href":"https:\/\/senoticias.com.br\/se\/wp-json\/wp\/v2\/tags?post=62783"}],"curies":[{"name":"wp","href":"https:\/\/api.w.org\/{rel}","templated":true}]}}