{"id":62781,"date":"2014-04-15T17:23:54","date_gmt":"2014-04-15T20:23:54","guid":{"rendered":"http:\/\/senoticias.com.br\/se\/?p=62781"},"modified":"2014-04-15T17:24:58","modified_gmt":"2014-04-15T20:24:58","slug":"gustinho-ribeiro-esclarece-nao-votei-contra-o-governo","status":"publish","type":"post","link":"https:\/\/senoticias.com.br\/se\/gustinho-ribeiro-esclarece-nao-votei-contra-o-governo\/","title":{"rendered":"Gustinho Ribeiro esclarece \u201cN\u00e3o votei contra o governo\u201d."},"content":{"rendered":"<div style=\"text-align: justify;\">\n<div id=\"attachment_44643\" style=\"width: 310px\" class=\"wp-caption alignright\"><a href=\"http:\/\/senoticias.com.br\/se\/wp-content\/uploads\/2013\/02\/Gustinho-Ribeiro.jpg\"><img loading=\"lazy\" decoding=\"async\" aria-describedby=\"caption-attachment-44643\" class=\"size-medium wp-image-44643\" alt=\"Gustinho Ribeiro esclarece \u201cN\u00e3o votei contra o governo\u201d.(Foto: Maria Odilia\/Alese)\" src=\"http:\/\/senoticias.com.br\/se\/wp-content\/uploads\/2013\/02\/Gustinho-Ribeiro-300x199.jpg\" width=\"300\" height=\"199\" srcset=\"https:\/\/senoticias.com.br\/se\/wp-content\/uploads\/2013\/02\/Gustinho-Ribeiro-300x199.jpg 300w, https:\/\/senoticias.com.br\/se\/wp-content\/uploads\/2013\/02\/Gustinho-Ribeiro-342x227.jpg 342w, https:\/\/senoticias.com.br\/se\/wp-content\/uploads\/2013\/02\/Gustinho-Ribeiro.jpg 600w\" sizes=\"(max-width: 300px) 100vw, 300px\" \/><\/a><p id=\"caption-attachment-44643\" class=\"wp-caption-text\">Gustinho Ribeiro esclarece \u201cN\u00e3o votei contra o governo\u201d.(Foto: Maria Odilia\/Alese)<\/p><\/div>\n<p>O deputado estadual, Gustinho Ribeiro (PSD), disse \u00e0 Coluna Sales Neto que n\u00e3o \u00e9 verdadeira a\u00a0informa\u00e7\u00e3o de que tenha votado contra o governo no requerimento apresentado pelo deputado estadual Gilmar Carvalho (Solidariedade) para que a Funda\u00e7\u00e3o Hospitalar de Sa\u00fade apresente c\u00f3pias da sua folha de despesas com pessoal efetivos e comissionados.<\/p>\n<\/div>\n<div style=\"text-align: justify;\">\u00a0Na sua explica\u00e7\u00e3o Gustinho afirma que estava ausente da sess\u00e3o quando iniciou a vota\u00e7\u00e3o.<\/div>\n<p style=\"text-align: justify;\">\u201cQuando cheguei o l\u00edder da bancada governista, Francisco Gualberto, tinha encaminhado o voto n\u00e3o. Me enganei e apertei o bot\u00e3o do sim. Pedi para retificar e a presidente Ang\u00e9lica Guimar\u00e3es permitiu. Estava nove a oito para a oposi\u00e7\u00e3o. Com meu voto, empatou em nove a nove. A presidente votou para desempatar e deu ganho ao requerimento de Gilmar Carvalho\u201d, esclareceu o deputado.<\/p>\n<p><strong>\u00a0Siga o SE Not\u00edcias pelo <a href=\" https:\/\/twitter.com\/Senoticias\" target=\"_blank\">Twitter<\/a> e curta no <a href=\" https:\/\/www.facebook.com\/PortalSENoticias\" target=\"_blank\">Facebook<\/a><\/strong><\/p>\n<p><a href=\"http:\/\/www.salesneto.com.br\/2014\/04\/gustinho-ribeiro-esclarece-nao-votei.html\" target=\"_blank\"><strong>por Sales Neto<\/strong><\/a><\/p>\n","protected":false},"excerpt":{"rendered":"<p>O deputado estadual, Gustinho Ribeiro (PSD), disse \u00e0 Coluna Sales Neto que n\u00e3o \u00e9 verdadeira a\u00a0informa\u00e7\u00e3o de que tenha votado contra o governo no requerimento apresentado pelo deputado estadual Gilmar Carvalho (Solidariedade) para que a Funda\u00e7\u00e3o Hospitalar de Sa\u00fade apresente c\u00f3pias da sua folha de despesas com pessoal efetivos e comissionados. \u00a0Na sua explica\u00e7\u00e3o Gustinho [&hellip;]<\/p>\n","protected":false},"author":1,"featured_media":44643,"comment_status":"closed","ping_status":"closed","sticky":false,"template":"","format":"standard","meta":{"footnotes":""},"categories":[6],"tags":[],"class_list":{"0":"post-62781","1":"post","2":"type-post","3":"status-publish","4":"format-standard","5":"has-post-thumbnail","7":"category-politica"},"_links":{"self":[{"href":"https:\/\/senoticias.com.br\/se\/wp-json\/wp\/v2\/posts\/62781"}],"collection":[{"href":"https:\/\/senoticias.com.br\/se\/wp-json\/wp\/v2\/posts"}],"about":[{"href":"https:\/\/senoticias.com.br\/se\/wp-json\/wp\/v2\/types\/post"}],"author":[{"embeddable":true,"href":"https:\/\/senoticias.com.br\/se\/wp-json\/wp\/v2\/users\/1"}],"replies":[{"embeddable":true,"href":"https:\/\/senoticias.com.br\/se\/wp-json\/wp\/v2\/comments?post=62781"}],"version-history":[{"count":0,"href":"https:\/\/senoticias.com.br\/se\/wp-json\/wp\/v2\/posts\/62781\/revisions"}],"wp:featuredmedia":[{"embeddable":true,"href":"https:\/\/senoticias.com.br\/se\/wp-json\/wp\/v2\/media\/44643"}],"wp:attachment":[{"href":"https:\/\/senoticias.com.br\/se\/wp-json\/wp\/v2\/media?parent=62781"}],"wp:term":[{"taxonomy":"category","embeddable":true,"href":"https:\/\/senoticias.com.br\/se\/wp-json\/wp\/v2\/categories?post=62781"},{"taxonomy":"post_tag","embeddable":true,"href":"https:\/\/senoticias.com.br\/se\/wp-json\/wp\/v2\/tags?post=62781"}],"curies":[{"name":"wp","href":"https:\/\/api.w.org\/{rel}","templated":true}]}}