{"id":62775,"date":"2014-04-15T15:48:19","date_gmt":"2014-04-15T18:48:19","guid":{"rendered":"http:\/\/senoticias.com.br\/se\/?p=62775"},"modified":"2014-04-16T09:53:41","modified_gmt":"2014-04-16T12:53:41","slug":"oabse-alerta-para-risco-de-rebeliao-no-copecam","status":"publish","type":"post","link":"https:\/\/senoticias.com.br\/se\/oabse-alerta-para-risco-de-rebeliao-no-copecam\/","title":{"rendered":"OAB\/SE alerta para risco de rebeli\u00e3o no Copecam"},"content":{"rendered":"<div id=\"attachment_62777\" style=\"width: 310px\" class=\"wp-caption alignright\"><a href=\"http:\/\/senoticias.com.br\/se\/wp-content\/uploads\/2014\/04\/cdh-alerta-para-risco-de-rebeliao-no-copecam_1000_4634.jpg\"><img loading=\"lazy\" decoding=\"async\" aria-describedby=\"caption-attachment-62777\" class=\"size-medium wp-image-62777\" alt=\"CDH alerta para risco de rebeli\u00e3o no Copecam. (Foto: OAB\/SE)\" src=\"http:\/\/senoticias.com.br\/se\/wp-content\/uploads\/2014\/04\/cdh-alerta-para-risco-de-rebeliao-no-copecam_1000_4634-300x225.jpg\" width=\"300\" height=\"225\" srcset=\"https:\/\/senoticias.com.br\/se\/wp-content\/uploads\/2014\/04\/cdh-alerta-para-risco-de-rebeliao-no-copecam_1000_4634-300x225.jpg 300w, https:\/\/senoticias.com.br\/se\/wp-content\/uploads\/2014\/04\/cdh-alerta-para-risco-de-rebeliao-no-copecam_1000_4634-342x256.jpg 342w, https:\/\/senoticias.com.br\/se\/wp-content\/uploads\/2014\/04\/cdh-alerta-para-risco-de-rebeliao-no-copecam_1000_4634-60x45.jpg 60w, https:\/\/senoticias.com.br\/se\/wp-content\/uploads\/2014\/04\/cdh-alerta-para-risco-de-rebeliao-no-copecam_1000_4634-150x113.jpg 150w, https:\/\/senoticias.com.br\/se\/wp-content\/uploads\/2014\/04\/cdh-alerta-para-risco-de-rebeliao-no-copecam_1000_4634-269x201.jpg 269w, https:\/\/senoticias.com.br\/se\/wp-content\/uploads\/2014\/04\/cdh-alerta-para-risco-de-rebeliao-no-copecam_1000_4634.jpg 500w\" sizes=\"(max-width: 300px) 100vw, 300px\" \/><\/a><p id=\"caption-attachment-62777\" class=\"wp-caption-text\">CDH alerta para risco de rebeli\u00e3o no Copecam. (Foto: OAB\/SE)<\/p><\/div>\n<p style=\"text-align: justify;\">Em visita realizada na manh\u00e3 desta ter\u00e7a-feira, 15, ao Complexo Penitenci\u00e1rio Manuel Carvalho Neto (Compecam), por conta de uma den\u00fancia de que os agentes penitenci\u00e1rios que trabalham no Complexo estariam cortando o fornecimento de \u00e1gua para os 2400 detentos custodiados naquele pres\u00eddio, a presidente da Comiss\u00e3o de Direitos Humanos da Ordem dos Advogados do Brasil &#8211; Seccional Sergipe, Rosenice Machado e membro da Coordenadoria de Atividades Policiais e Pol\u00edticas Penitenci\u00e1rias, Erick Furtado Nunes estiveram reunidos com a dire\u00e7\u00e3o.<\/p>\n<p style=\"text-align: justify;\">Segundo Alexandre Iglesias (diretor) e Adairton (vice-diretor) n\u00e3o existe corte de \u00e1gua em raz\u00e3o da greve dos agentes penitenci\u00e1rios e que de fato aconteceu \u00e9 um problema j\u00e1 recorrente na bomba de \u00e1gua do pres\u00eddio. Alexandre garantiu que o problema j\u00e1 foi solucionado e que o fornecimento voltou de forma racionada como j\u00e1 vinha ocorrendo.<\/p>\n<p style=\"text-align: justify;\">Na ocasi\u00e3o a presidente da CDH ressaltou o problema da superlota\u00e7\u00e3o do Copecam, j\u00e1 que o pres\u00eddio tem capacidade apenas para 800 e abriga hoje 2400 presos. Rosenice e \u00c9rick conversaram com os agentes penitenci\u00e1rios, Nilson Arag\u00e3o e Jobson Oliveira que informaram que 100% do efetivo est\u00e3o trabalhando, inclusive com refor\u00e7o, mas que suspenderam o banho de sol por conta de uma carta apreendida com os detentos que planejam uma rebeli\u00e3o para reivindicar melhores condi\u00e7\u00f5es do pres\u00eddio.<\/p>\n<p style=\"text-align: justify;\">\u201cEu sa\u00ed muito preocupada porque o Sindicato ainda permanece em greve e h\u00e1 uma noticia de uma rebeli\u00e3o, sendo que nesta segunda-feira j\u00e1 ocorreu uma rebeli\u00e3o com morte na penitenci\u00e1ria de Tobias Barreto e devido superpopula\u00e7\u00e3o carcer\u00e1ria daqui do Copecam caso ocorra uma rebeli\u00e3o vai ser uma grande trag\u00e9dia\u201d, ressaltou Rosencie.<\/p>\n<p style=\"text-align: justify;\">De acordo com Erick a combina\u00e7\u00e3o de um baixo efetivo operacional para a manuten\u00e7\u00e3o dos presos, e uma superpopula\u00e7\u00e3o carcer\u00e1ria e a supress\u00e3o de direitos dos detentos \u00e9 uma combina\u00e7\u00e3o que pode resultar numa situa\u00e7\u00e3o catastr\u00f3fica.<\/p>\n<p><strong>Siga o SE Not\u00edcias pelo <a href=\" https:\/\/twitter.com\/Senoticias\" target=\"_blank\">Twitter <\/a>e curta no <a href=\" https:\/\/www.facebook.com\/PortalSENoticias\" target=\"_blank\">Facebook<\/a><\/strong><\/p>\n<p><em><strong>Da Ascom\/OAB\/SE<\/strong><\/em><\/p>\n","protected":false},"excerpt":{"rendered":"<p>Em visita realizada na manh\u00e3 desta ter\u00e7a-feira, 15, ao Complexo Penitenci\u00e1rio Manuel Carvalho Neto (Compecam), por conta de uma den\u00fancia de que os agentes penitenci\u00e1rios que trabalham no Complexo estariam cortando o fornecimento de \u00e1gua para os 2400 detentos custodiados naquele pres\u00eddio, a presidente da Comiss\u00e3o de Direitos Humanos da Ordem dos Advogados do Brasil [&hellip;]<\/p>\n","protected":false},"author":1,"featured_media":62777,"comment_status":"closed","ping_status":"closed","sticky":false,"template":"","format":"standard","meta":{"footnotes":""},"categories":[6],"tags":[],"class_list":{"0":"post-62775","1":"post","2":"type-post","3":"status-publish","4":"format-standard","5":"has-post-thumbnail","7":"category-politica"},"_links":{"self":[{"href":"https:\/\/senoticias.com.br\/se\/wp-json\/wp\/v2\/posts\/62775"}],"collection":[{"href":"https:\/\/senoticias.com.br\/se\/wp-json\/wp\/v2\/posts"}],"about":[{"href":"https:\/\/senoticias.com.br\/se\/wp-json\/wp\/v2\/types\/post"}],"author":[{"embeddable":true,"href":"https:\/\/senoticias.com.br\/se\/wp-json\/wp\/v2\/users\/1"}],"replies":[{"embeddable":true,"href":"https:\/\/senoticias.com.br\/se\/wp-json\/wp\/v2\/comments?post=62775"}],"version-history":[{"count":0,"href":"https:\/\/senoticias.com.br\/se\/wp-json\/wp\/v2\/posts\/62775\/revisions"}],"wp:featuredmedia":[{"embeddable":true,"href":"https:\/\/senoticias.com.br\/se\/wp-json\/wp\/v2\/media\/62777"}],"wp:attachment":[{"href":"https:\/\/senoticias.com.br\/se\/wp-json\/wp\/v2\/media?parent=62775"}],"wp:term":[{"taxonomy":"category","embeddable":true,"href":"https:\/\/senoticias.com.br\/se\/wp-json\/wp\/v2\/categories?post=62775"},{"taxonomy":"post_tag","embeddable":true,"href":"https:\/\/senoticias.com.br\/se\/wp-json\/wp\/v2\/tags?post=62775"}],"curies":[{"name":"wp","href":"https:\/\/api.w.org\/{rel}","templated":true}]}}