{"id":62773,"date":"2014-04-15T15:28:09","date_gmt":"2014-04-15T18:28:09","guid":{"rendered":"http:\/\/senoticias.com.br\/se\/?p=62773"},"modified":"2014-04-15T15:28:09","modified_gmt":"2014-04-15T18:28:09","slug":"governador-decreta-ponto-facultativo-nesta-quinta-feira-17","status":"publish","type":"post","link":"https:\/\/senoticias.com.br\/se\/governador-decreta-ponto-facultativo-nesta-quinta-feira-17\/","title":{"rendered":"Governador decreta ponto facultativo nesta quinta-feira, 17"},"content":{"rendered":"<p style=\"text-align: justify;\" align=\"justify\">\n<div id=\"attachment_62210\" style=\"width: 310px\" class=\"wp-caption alignright\"><a href=\"http:\/\/senoticias.com.br\/se\/wp-content\/uploads\/2014\/04\/20131104GovJacksonEntregadeCacambasaPrefeitos72.jpg\"><img loading=\"lazy\" decoding=\"async\" aria-describedby=\"caption-attachment-62210\" class=\"size-medium wp-image-62210\" alt=\"O governador Jackson Barreto\/ASN | Foto: Marco Rodrigues\/ASN\" src=\"http:\/\/senoticias.com.br\/se\/wp-content\/uploads\/2014\/04\/20131104GovJacksonEntregadeCacambasaPrefeitos72-300x181.jpg\" width=\"300\" height=\"181\" \/><\/a><p id=\"caption-attachment-62210\" class=\"wp-caption-text\">O governador Jackson Barreto\/ASN | Foto: Marco Rodrigues\/ASN<\/p><\/div>\n<p style=\"text-align: justify;\" align=\"justify\"><span><span style=\"font-size: small;\">\u00a0<\/span><\/span><\/p>\n<p style=\"text-align: justify;\" align=\"justify\"><span><span style=\"font-size: small;\">O governador Jackson Barreto decretou ponto facultativo em todas as reparti\u00e7\u00f5es e \u00f3rg\u00e3os estaduais da administra\u00e7\u00e3o direta e indireta nesta quinta-feira, 17, de acordo com o decreto estadual 29.700, de 20 de janeiro de 2014. Lembrando que na sexta-feira da Paix\u00e3o, 18, e na segunda-feira, 21, dia de Tiradentes, s\u00e3o feriados nacionais. As atividades retornam em hor\u00e1rio normal na pr\u00f3xima ter\u00e7a, dia 22.<\/span><\/span><\/p>\n<p style=\"text-align: justify;\" align=\"justify\"><span><span style=\"font-size: small;\">No entanto, os servi\u00e7os emergenciais do Estado, como Corpo de Bombeiros, Defesa Civil, pol\u00edcias Militar e Civil, o Samu 192 Sergipe, hospitais e demais unidades de sa\u00fade, estar\u00e3o de plant\u00e3o para atender a todas as demandas da popula\u00e7\u00e3o.<\/span><\/span><\/p>\n<p><strong>Siga o SE Not\u00edcias pelo <a href=\" https:\/\/twitter.com\/Senoticias\" target=\"_blank\">Twitter <\/a>e curta no <a href=\" https:\/\/www.facebook.com\/PortalSENoticias\" target=\"_blank\">Facebook<\/a><\/strong><\/p>\n<p><em><strong>Ag\u00eancia Sergipe de Not\u00edcias<\/strong><\/em><\/p>\n","protected":false},"excerpt":{"rendered":"<p>\u00a0 O governador Jackson Barreto decretou ponto facultativo em todas as reparti\u00e7\u00f5es e \u00f3rg\u00e3os estaduais da administra\u00e7\u00e3o direta e indireta nesta quinta-feira, 17, de acordo com o decreto estadual 29.700, de 20 de janeiro de 2014. Lembrando que na sexta-feira da Paix\u00e3o, 18, e na segunda-feira, 21, dia de Tiradentes, s\u00e3o feriados nacionais. As atividades [&hellip;]<\/p>\n","protected":false},"author":1,"featured_media":62210,"comment_status":"closed","ping_status":"closed","sticky":false,"template":"","format":"standard","meta":{"footnotes":""},"categories":[6],"tags":[],"class_list":{"0":"post-62773","1":"post","2":"type-post","3":"status-publish","4":"format-standard","5":"has-post-thumbnail","7":"category-politica"},"_links":{"self":[{"href":"https:\/\/senoticias.com.br\/se\/wp-json\/wp\/v2\/posts\/62773"}],"collection":[{"href":"https:\/\/senoticias.com.br\/se\/wp-json\/wp\/v2\/posts"}],"about":[{"href":"https:\/\/senoticias.com.br\/se\/wp-json\/wp\/v2\/types\/post"}],"author":[{"embeddable":true,"href":"https:\/\/senoticias.com.br\/se\/wp-json\/wp\/v2\/users\/1"}],"replies":[{"embeddable":true,"href":"https:\/\/senoticias.com.br\/se\/wp-json\/wp\/v2\/comments?post=62773"}],"version-history":[{"count":0,"href":"https:\/\/senoticias.com.br\/se\/wp-json\/wp\/v2\/posts\/62773\/revisions"}],"wp:featuredmedia":[{"embeddable":true,"href":"https:\/\/senoticias.com.br\/se\/wp-json\/wp\/v2\/media\/62210"}],"wp:attachment":[{"href":"https:\/\/senoticias.com.br\/se\/wp-json\/wp\/v2\/media?parent=62773"}],"wp:term":[{"taxonomy":"category","embeddable":true,"href":"https:\/\/senoticias.com.br\/se\/wp-json\/wp\/v2\/categories?post=62773"},{"taxonomy":"post_tag","embeddable":true,"href":"https:\/\/senoticias.com.br\/se\/wp-json\/wp\/v2\/tags?post=62773"}],"curies":[{"name":"wp","href":"https:\/\/api.w.org\/{rel}","templated":true}]}}