{"id":62770,"date":"2014-04-15T15:09:48","date_gmt":"2014-04-15T18:09:48","guid":{"rendered":"http:\/\/senoticias.com.br\/se\/?p=62770"},"modified":"2014-04-15T15:10:45","modified_gmt":"2014-04-15T18:10:45","slug":"deputado-gilmar-carvalho-pede-esclarecimentos-sobre-o-proredes","status":"publish","type":"post","link":"https:\/\/senoticias.com.br\/se\/deputado-gilmar-carvalho-pede-esclarecimentos-sobre-o-proredes\/","title":{"rendered":"Deputado Gilmar Carvalho pede esclarecimentos sobre o ProRedes"},"content":{"rendered":"<p>&nbsp;<\/p>\n<div id=\"attachment_62771\" style=\"width: 310px\" class=\"wp-caption alignright\"><a href=\"http:\/\/senoticias.com.br\/se\/wp-content\/uploads\/2014\/04\/Foto-Maria-Odilia-150414-41.jpg\"><img loading=\"lazy\" decoding=\"async\" aria-describedby=\"caption-attachment-62771\" class=\"size-medium wp-image-62771\" alt=\"Foto: Ag\u00eancia Alese)\" src=\"http:\/\/senoticias.com.br\/se\/wp-content\/uploads\/2014\/04\/Foto-Maria-Odilia-150414-41-300x203.jpg\" width=\"300\" height=\"203\" srcset=\"https:\/\/senoticias.com.br\/se\/wp-content\/uploads\/2014\/04\/Foto-Maria-Odilia-150414-41-300x203.jpg 300w, https:\/\/senoticias.com.br\/se\/wp-content\/uploads\/2014\/04\/Foto-Maria-Odilia-150414-41-342x232.jpg 342w, https:\/\/senoticias.com.br\/se\/wp-content\/uploads\/2014\/04\/Foto-Maria-Odilia-150414-41.jpg 800w\" sizes=\"(max-width: 300px) 100vw, 300px\" \/><\/a><p id=\"caption-attachment-62771\" class=\"wp-caption-text\">Foto: Ag\u00eancia Alese)<\/p><\/div>\n<p style=\"text-align: justify;\">No grande expediente da sess\u00e3o desta ter\u00e7a-feira, dia 15, o deputado estadual Gilmar Carvalho (SDD) solicitou ao l\u00edder da bancada do governo na Assembleia Legislativa, deputado Francisco Gualberto (PT), alguns esclarecimentos sobre o projeto ProRedes, que destina recursos de empr\u00e9stimo para investimentos na sa\u00fade. Segundo o parlamentar, no or\u00e7amento do Estado para o ano de 2014, aprovado pelos deputados, havia a previs\u00e3o do ProRedes.<\/p>\n<p style=\"text-align: justify;\">Gilmar exemplificou dois casos previstos no or\u00e7amento que tinha valores diferenciados do que est\u00e1 no ProRedes. Citando as p\u00e1ginas 11 e 56 do or\u00e7amento, o deputado falou sobre a constru\u00e7\u00e3o do Laborat\u00f3rio Central de Sa\u00fade (Lacen), que previa o valor de R$ 3.262.124. No entanto, o deputado disse que no anexo que o governo mandou do ProRedes dizia que essa constru\u00e7\u00e3o ia custar R$ 12.546.630. \u201cQual \u00e9 a verdade, qual o valor que vale? Preciso saber. Afinal de contas, o ProRedes vai ser logo logo votado nesta casa\u201d, disse.<\/p>\n<p style=\"text-align: justify;\">O deputado Gilmar Carvalho tamb\u00e9m falou sobre a previs\u00e3o de custo para a constru\u00e7\u00e3o do Centro de Educa\u00e7\u00e3o Permanente do SUS, que no or\u00e7amento estava previsto no valor de R$ 7 milh\u00f5es. Mas, disse ele, no anexo do projeto ProRedes esse valor vai pra R$ 25.881.450. \u201cOra, n\u00f3s vamos logo votar o ProRedes e n\u00f3s precisamos saber qual \u00e9 o valor exato que o governo prev\u00ea para a constru\u00e7\u00e3o do Lacen e do Centro de Educa\u00e7\u00e3o Permanente do SUS\u201d, disse, ao solicitar do l\u00edder do governo esses esclarecimentos.<\/p>\n<p style=\"text-align: justify;\"><strong>Siga o SE Not\u00edcias pelo <a href=\" https:\/\/twitter.com\/Senoticias\" target=\"_blank\">Twitter<\/a> e curta no <a href=\" https:\/\/www.facebook.com\/PortalSENoticias\" target=\"_blank\">Facebook<\/a><\/strong><\/p>\n<p><em><strong>Edjane Oliveira, da Ag\u00eancia Alese<\/strong><\/em><\/p>\n","protected":false},"excerpt":{"rendered":"<p>&nbsp; No grande expediente da sess\u00e3o desta ter\u00e7a-feira, dia 15, o deputado estadual Gilmar Carvalho (SDD) solicitou ao l\u00edder da bancada do governo na Assembleia Legislativa, deputado Francisco Gualberto (PT), alguns esclarecimentos sobre o projeto ProRedes, que destina recursos de empr\u00e9stimo para investimentos na sa\u00fade. Segundo o parlamentar, no or\u00e7amento do Estado para o ano [&hellip;]<\/p>\n","protected":false},"author":1,"featured_media":62771,"comment_status":"closed","ping_status":"closed","sticky":false,"template":"","format":"standard","meta":{"footnotes":""},"categories":[6],"tags":[],"class_list":{"0":"post-62770","1":"post","2":"type-post","3":"status-publish","4":"format-standard","5":"has-post-thumbnail","7":"category-politica"},"_links":{"self":[{"href":"https:\/\/senoticias.com.br\/se\/wp-json\/wp\/v2\/posts\/62770"}],"collection":[{"href":"https:\/\/senoticias.com.br\/se\/wp-json\/wp\/v2\/posts"}],"about":[{"href":"https:\/\/senoticias.com.br\/se\/wp-json\/wp\/v2\/types\/post"}],"author":[{"embeddable":true,"href":"https:\/\/senoticias.com.br\/se\/wp-json\/wp\/v2\/users\/1"}],"replies":[{"embeddable":true,"href":"https:\/\/senoticias.com.br\/se\/wp-json\/wp\/v2\/comments?post=62770"}],"version-history":[{"count":0,"href":"https:\/\/senoticias.com.br\/se\/wp-json\/wp\/v2\/posts\/62770\/revisions"}],"wp:featuredmedia":[{"embeddable":true,"href":"https:\/\/senoticias.com.br\/se\/wp-json\/wp\/v2\/media\/62771"}],"wp:attachment":[{"href":"https:\/\/senoticias.com.br\/se\/wp-json\/wp\/v2\/media?parent=62770"}],"wp:term":[{"taxonomy":"category","embeddable":true,"href":"https:\/\/senoticias.com.br\/se\/wp-json\/wp\/v2\/categories?post=62770"},{"taxonomy":"post_tag","embeddable":true,"href":"https:\/\/senoticias.com.br\/se\/wp-json\/wp\/v2\/tags?post=62770"}],"curies":[{"name":"wp","href":"https:\/\/api.w.org\/{rel}","templated":true}]}}