{"id":62767,"date":"2014-04-15T13:55:00","date_gmt":"2014-04-15T16:55:00","guid":{"rendered":"http:\/\/senoticias.com.br\/se\/?p=62767"},"modified":"2014-04-15T13:55:00","modified_gmt":"2014-04-15T16:55:00","slug":"homem-e-flagrado-com-motocicleta-roubada-em-sao-cristovao","status":"publish","type":"post","link":"https:\/\/senoticias.com.br\/se\/homem-e-flagrado-com-motocicleta-roubada-em-sao-cristovao\/","title":{"rendered":"Homem \u00e9 flagrado com motocicleta roubada em S\u00e3o Crist\u00f3v\u00e3o"},"content":{"rendered":"<div id=\"attachment_46596\" style=\"width: 310px\" class=\"wp-caption alignright\"><a href=\"http:\/\/senoticias.com.br\/se\/wp-content\/uploads\/2013\/04\/Major-Rollemberg.jpg\"><img loading=\"lazy\" decoding=\"async\" aria-describedby=\"caption-attachment-46596\" class=\"size-medium wp-image-46596\" alt=\" Major Carlos Rollemberg, Comandante da R\u00e1dio Patrulha. (Divulga\u00e7\u00e3o)\" src=\"http:\/\/senoticias.com.br\/se\/wp-content\/uploads\/2013\/04\/Major-Rollemberg-300x200.jpg\" width=\"300\" height=\"200\" srcset=\"https:\/\/senoticias.com.br\/se\/wp-content\/uploads\/2013\/04\/Major-Rollemberg-300x200.jpg 300w, https:\/\/senoticias.com.br\/se\/wp-content\/uploads\/2013\/04\/Major-Rollemberg.jpg 340w\" sizes=\"(max-width: 300px) 100vw, 300px\" \/><\/a><p id=\"caption-attachment-46596\" class=\"wp-caption-text\">Major Carlos Rollemberg, Comandante da R\u00e1dio Patrulha. (Divulga\u00e7\u00e3o)<\/p><\/div>\n<p style=\"text-align: justify;\">A Companhia de Pol\u00edcia de Radiopatrulha (CPRp) prendeu por volta das 23h10 desta segunda-feira, 14, Julio Cesar Reis Sousa, 22 anos. A a\u00e7\u00e3o ocorreu no Bairro Rosa Elze, no munic\u00edpio de S\u00e3o Crist\u00f3v\u00e3o, quando o indiv\u00edduo transitava pela localidade com uma motocicleta Suzuki intruder de placa IAD 9395, com restri\u00e7\u00e3o de roubo.\u00a0O acusado foi encaminhado juntamente com a motocicleta apreendida a Delegacia Plantonista.<\/p>\n<p><strong>Siga o SE Not\u00edcias pelo <a href=\" https:\/\/twitter.com\/Senoticias\" target=\"_blank\">Twitter<\/a> e curta no <a href=\" https:\/\/www.facebook.com\/PortalSENoticias\" target=\"_blank\">Facebook<\/a><\/strong><\/p>\n<p><em><strong>Da Asom\/SSP\/SE<\/strong><\/em><\/p>\n","protected":false},"excerpt":{"rendered":"<p>A Companhia de Pol\u00edcia de Radiopatrulha (CPRp) prendeu por volta das 23h10 desta segunda-feira, 14, Julio Cesar Reis Sousa, 22 anos. A a\u00e7\u00e3o ocorreu no Bairro Rosa Elze, no munic\u00edpio de S\u00e3o Crist\u00f3v\u00e3o, quando o indiv\u00edduo transitava pela localidade com uma motocicleta Suzuki intruder de placa IAD 9395, com restri\u00e7\u00e3o de roubo.\u00a0O acusado foi encaminhado [&hellip;]<\/p>\n","protected":false},"author":1,"featured_media":46596,"comment_status":"closed","ping_status":"closed","sticky":false,"template":"","format":"standard","meta":{"footnotes":""},"categories":[7],"tags":[],"class_list":{"0":"post-62767","1":"post","2":"type-post","3":"status-publish","4":"format-standard","5":"has-post-thumbnail","7":"category-policia"},"_links":{"self":[{"href":"https:\/\/senoticias.com.br\/se\/wp-json\/wp\/v2\/posts\/62767"}],"collection":[{"href":"https:\/\/senoticias.com.br\/se\/wp-json\/wp\/v2\/posts"}],"about":[{"href":"https:\/\/senoticias.com.br\/se\/wp-json\/wp\/v2\/types\/post"}],"author":[{"embeddable":true,"href":"https:\/\/senoticias.com.br\/se\/wp-json\/wp\/v2\/users\/1"}],"replies":[{"embeddable":true,"href":"https:\/\/senoticias.com.br\/se\/wp-json\/wp\/v2\/comments?post=62767"}],"version-history":[{"count":0,"href":"https:\/\/senoticias.com.br\/se\/wp-json\/wp\/v2\/posts\/62767\/revisions"}],"wp:featuredmedia":[{"embeddable":true,"href":"https:\/\/senoticias.com.br\/se\/wp-json\/wp\/v2\/media\/46596"}],"wp:attachment":[{"href":"https:\/\/senoticias.com.br\/se\/wp-json\/wp\/v2\/media?parent=62767"}],"wp:term":[{"taxonomy":"category","embeddable":true,"href":"https:\/\/senoticias.com.br\/se\/wp-json\/wp\/v2\/categories?post=62767"},{"taxonomy":"post_tag","embeddable":true,"href":"https:\/\/senoticias.com.br\/se\/wp-json\/wp\/v2\/tags?post=62767"}],"curies":[{"name":"wp","href":"https:\/\/api.w.org\/{rel}","templated":true}]}}