{"id":62368,"date":"2014-04-08T12:39:08","date_gmt":"2014-04-08T15:39:08","guid":{"rendered":"http:\/\/senoticias.com.br\/se\/?p=62368"},"modified":"2014-04-08T12:39:08","modified_gmt":"2014-04-08T15:39:08","slug":"problemas-no-sus-ferem-dignidade-dos-cidadaos-indica-relatorio","status":"publish","type":"post","link":"https:\/\/senoticias.com.br\/se\/problemas-no-sus-ferem-dignidade-dos-cidadaos-indica-relatorio\/","title":{"rendered":"Problemas no SUS ferem dignidade dos cidad\u00e3os, indica relat\u00f3rio"},"content":{"rendered":"<div id=\"attachment_62369\" style=\"width: 310px\" class=\"wp-caption alignright\"><a href=\"http:\/\/senoticias.com.br\/se\/wp-content\/uploads\/2014\/04\/184201465523.jpg\"><img loading=\"lazy\" decoding=\"async\" aria-describedby=\"caption-attachment-62369\" class=\"size-medium wp-image-62369\" alt=\"Presidente do CFM, Roberto D\u00b4Avila, apresentou relat\u00f3rio sobre a situa\u00e7\u00e3o de grandes hospitais de emerg\u00eancia. (Jos\u00e9 Cruz\/Ag\u00eancia Brasil)\" src=\"http:\/\/senoticias.com.br\/se\/wp-content\/uploads\/2014\/04\/184201465523-300x225.jpg\" width=\"300\" height=\"225\" srcset=\"https:\/\/senoticias.com.br\/se\/wp-content\/uploads\/2014\/04\/184201465523-300x225.jpg 300w, https:\/\/senoticias.com.br\/se\/wp-content\/uploads\/2014\/04\/184201465523-342x256.jpg 342w, https:\/\/senoticias.com.br\/se\/wp-content\/uploads\/2014\/04\/184201465523-60x45.jpg 60w, https:\/\/senoticias.com.br\/se\/wp-content\/uploads\/2014\/04\/184201465523-150x113.jpg 150w, https:\/\/senoticias.com.br\/se\/wp-content\/uploads\/2014\/04\/184201465523-269x201.jpg 269w, https:\/\/senoticias.com.br\/se\/wp-content\/uploads\/2014\/04\/184201465523.jpg 640w\" sizes=\"(max-width: 300px) 100vw, 300px\" \/><\/a><p id=\"caption-attachment-62369\" class=\"wp-caption-text\">Presidente do CFM, Roberto D\u00b4Avila, apresentou relat\u00f3rio sobre a situa\u00e7\u00e3o de grandes hospitais de emerg\u00eancia. (Jos\u00e9 Cruz\/Ag\u00eancia Brasil)<\/p><\/div>\n<p style=\"text-align: justify;\">Casos de pacientes em macas espalhadas pelos corredores ou em colch\u00f5es sobre o ch\u00e3o, falta de \u00e1gua em chuveiros e sanit\u00e1rios e cen\u00e1rios que se assemelham aos de uma enfermaria de guerra integram relat\u00f3rio divulgado nessa segunda-feira (7) pelo Conselho Federal de Medicina (CFM). O \u00f3rg\u00e3o, em parceria com a Comiss\u00e3o de Direitos Humanos e Minorias da C\u00e2mara dos Deputados, visitou oito hospitais de urg\u00eancia da rede p\u00fablica. A conclus\u00e3o: problemas estruturais no Sistema \u00danico de Sa\u00fade (SUS) ferem a dignidade e os direitos da popula\u00e7\u00e3o.<\/p>\n<p style=\"text-align: justify;\">De acordo com o relat\u00f3rio, os servi\u00e7os de urg\u00eancia e emerg\u00eancia enfrentam um duplo gargalo. O primeiro trata do atendimento congestionado provocado, segundo o documento, pela centraliza\u00e7\u00e3o do atendimento em poucos servi\u00e7os. O segundo problema envolve a dificuldade em dar solu\u00e7\u00e3o a casos de usu\u00e1rios que conseguem ser atendidos. A situa\u00e7\u00e3o, segundo os m\u00e9dicos, gera uma fila tamb\u00e9m para sair do servi\u00e7o, agravando a situa\u00e7\u00e3o de car\u00eancia e impossibilitando a admiss\u00e3o de novos usu\u00e1rios.<\/p>\n<p style=\"text-align: justify;\">O subfinanciamento na sa\u00fade foi indicado como express\u00e3o maior da falta de prioridade dada ao setor. O deputado federal Arnaldo Jordy (PPS-PA), relator da comiss\u00e3o, lembrou que o Minist\u00e9rio da Sa\u00fade deixou de aplicar mais de R$ 100 bilh\u00f5es no SUS ao longo dos \u00faltimos 13 anos e que, no Programa de Acelera\u00e7\u00e3o do Crescimento (PAC 2), apenas 11% das a\u00e7\u00f5es previstas para a \u00e1rea foram conclu\u00eddas desde 2011.<\/p>\n<p style=\"text-align: justify;\">\u201cN\u00e3o \u00e9 um problema de agora. Vem se agravando, se acumulando. N\u00e3o vai haver solu\u00e7\u00e3o imediata e repentina, ainda que desejada\u201d, disse. \u201cA ideia \u00e9 fazer com que isso tenha alguma repercuss\u00e3o. Vamos procurar o ministro da Sa\u00fade e o presidente do Supremo Tribunal Federal, porque h\u00e1 medidas judiciais que precisam ser tomadas\u201d, completou.<\/p>\n<p style=\"text-align: justify;\">A situa\u00e7\u00e3o de subfinanciamento do sistema, segundo o relat\u00f3rio, tem sido agravada pelo baixo n\u00edvel de ressarcimento de planos de sa\u00fade ao SUS em raz\u00e3o dos atendimentos que deveriam oferecer, mas que s\u00e3o feitos pela rede p\u00fablica. A estimativa \u00e9 que 25% dos atendimentos nas urg\u00eancias envolvem usu\u00e1rios de planos de sa\u00fade.<\/p>\n<p style=\"text-align: justify;\">O presidente do CFM, Roberto d\u2019\u00c1vila, cobrou do governo federal solu\u00e7\u00f5es definitivas e programas de Estado no lugar de programas de governo que, segundo ele, t\u00eam prazo de validade. \u201cO Minist\u00e9rio da Sa\u00fade \u00e9 o quinto em gastos para investimentos. Obras em cidades, est\u00e1dios, tudo isso \u00e9 maior. E, mesmo pequeno, o or\u00e7amento \u00e9 mal executado e acaba voltando para o Tesouro para abater a d\u00edvida. N\u00e3o \u00e9 prioridade\u201d, avaliou.<\/p>\n<p style=\"text-align: justify;\">A previs\u00e3o \u00e9 que a comiss\u00e3o recomende ao Executivo, estados e munic\u00edpios que adotem a Pol\u00edtica Nacional de Aten\u00e7\u00e3o \u00e0s Urg\u00eancias, ampliando a participa\u00e7\u00e3o no financiamento do SUS; ampliem a abrang\u00eancia do programa SOS Emerg\u00eancia, para incluir todos os servi\u00e7os p\u00fablicos; reduzam a car\u00eancia de quase 200 mil leitos hospitalares e criem mais leitos de apoio e de retaguarda; revisem os valores da tabela SUS para remunerar a presta\u00e7\u00e3o de servi\u00e7os, e evitem a contrata\u00e7\u00e3o provis\u00f3ria de recursos humanos, privilegiando o concurso p\u00fablico e a contrata\u00e7\u00e3o pelo regime estatut\u00e1rio.<\/p>\n<p style=\"text-align: justify;\">As informa\u00e7\u00f5es foram colhidas nas seguintes unidades de sa\u00fade: Arthur Ribeiro de Saboya, em S\u00e3o Paulo, Souza Aguiar, no Rio de Janeiro e Hospital Geral Roberto Santos, em Salvador; Pronto-Socorro Jo\u00e3o Paulo II, em Porto Velho, Pronto-Socorro Municipal Mario Pinotti, em Bel\u00e9m; Hospital de Base, em Bras\u00edlia, Hospital Nossa Senhora da Concei\u00e7\u00e3o, em Porto Alegre e Pronto-Socorro Municipal de V\u00e1rzea Grande (MT). As visitas contaram com o apoio de conselhos e sindicatos de profissionais da sa\u00fade, do Minist\u00e9rio P\u00fablico e da Ordem dos Advogados do Brasil.<\/p>\n<p style=\"text-align: justify;\">\n<p style=\"text-align: justify;\"><em>Fonte: Ag\u00eancia Brasil<\/em><\/p>\n<p style=\"text-align: justify;\"><strong>Siga o SE Not\u00edcias pelo <a href=\"https:\/\/twitter.com\/Senoticias\" target=\"_blank\">Twitter<\/a> e curta no <a href=\"https:\/\/www.facebook.com\/PortalSENoticias\" target=\"_blank\">Facebook\u00a0<\/a><\/strong><\/p>\n","protected":false},"excerpt":{"rendered":"<p>Casos de pacientes em macas espalhadas pelos corredores ou em colch\u00f5es sobre o ch\u00e3o, falta de \u00e1gua em chuveiros e sanit\u00e1rios e cen\u00e1rios que se assemelham aos de uma enfermaria de guerra integram relat\u00f3rio divulgado nessa segunda-feira (7) pelo Conselho Federal de Medicina (CFM). O \u00f3rg\u00e3o, em parceria com a Comiss\u00e3o de Direitos Humanos e [&hellip;]<\/p>\n","protected":false},"author":1,"featured_media":62369,"comment_status":"closed","ping_status":"closed","sticky":false,"template":"","format":"standard","meta":{"footnotes":""},"categories":[20],"tags":[],"class_list":{"0":"post-62368","1":"post","2":"type-post","3":"status-publish","4":"format-standard","5":"has-post-thumbnail","7":"category-saude"},"_links":{"self":[{"href":"https:\/\/senoticias.com.br\/se\/wp-json\/wp\/v2\/posts\/62368"}],"collection":[{"href":"https:\/\/senoticias.com.br\/se\/wp-json\/wp\/v2\/posts"}],"about":[{"href":"https:\/\/senoticias.com.br\/se\/wp-json\/wp\/v2\/types\/post"}],"author":[{"embeddable":true,"href":"https:\/\/senoticias.com.br\/se\/wp-json\/wp\/v2\/users\/1"}],"replies":[{"embeddable":true,"href":"https:\/\/senoticias.com.br\/se\/wp-json\/wp\/v2\/comments?post=62368"}],"version-history":[{"count":0,"href":"https:\/\/senoticias.com.br\/se\/wp-json\/wp\/v2\/posts\/62368\/revisions"}],"wp:featuredmedia":[{"embeddable":true,"href":"https:\/\/senoticias.com.br\/se\/wp-json\/wp\/v2\/media\/62369"}],"wp:attachment":[{"href":"https:\/\/senoticias.com.br\/se\/wp-json\/wp\/v2\/media?parent=62368"}],"wp:term":[{"taxonomy":"category","embeddable":true,"href":"https:\/\/senoticias.com.br\/se\/wp-json\/wp\/v2\/categories?post=62368"},{"taxonomy":"post_tag","embeddable":true,"href":"https:\/\/senoticias.com.br\/se\/wp-json\/wp\/v2\/tags?post=62368"}],"curies":[{"name":"wp","href":"https:\/\/api.w.org\/{rel}","templated":true}]}}