{"id":62365,"date":"2014-04-08T12:33:04","date_gmt":"2014-04-08T15:33:04","guid":{"rendered":"http:\/\/senoticias.com.br\/se\/?p=62365"},"modified":"2014-04-08T12:33:04","modified_gmt":"2014-04-08T15:33:04","slug":"manifestacao-contra-morte-em-delegacia-fecha-avenida-no-centro-de-aracaju","status":"publish","type":"post","link":"https:\/\/senoticias.com.br\/se\/manifestacao-contra-morte-em-delegacia-fecha-avenida-no-centro-de-aracaju\/","title":{"rendered":"Manifesta\u00e7\u00e3o contra morte em delegacia fecha avenida no centro de Aracaju"},"content":{"rendered":"<div id=\"attachment_62366\" style=\"width: 310px\" class=\"wp-caption alignright\"><a href=\"http:\/\/senoticias.com.br\/se\/wp-content\/uploads\/2014\/04\/1_news_66_e8e970039d7d453ad4198b98b3f79702.jpg\"><img loading=\"lazy\" decoding=\"async\" aria-describedby=\"caption-attachment-62366\" class=\"size-medium wp-image-62366\" alt=\"Foto: Bastidores da Not\u00edcia (Cortesia)\" src=\"http:\/\/senoticias.com.br\/se\/wp-content\/uploads\/2014\/04\/1_news_66_e8e970039d7d453ad4198b98b3f79702-300x223.jpg\" width=\"300\" height=\"223\" srcset=\"https:\/\/senoticias.com.br\/se\/wp-content\/uploads\/2014\/04\/1_news_66_e8e970039d7d453ad4198b98b3f79702-300x223.jpg 300w, https:\/\/senoticias.com.br\/se\/wp-content\/uploads\/2014\/04\/1_news_66_e8e970039d7d453ad4198b98b3f79702-342x254.jpg 342w, https:\/\/senoticias.com.br\/se\/wp-content\/uploads\/2014\/04\/1_news_66_e8e970039d7d453ad4198b98b3f79702-60x45.jpg 60w, https:\/\/senoticias.com.br\/se\/wp-content\/uploads\/2014\/04\/1_news_66_e8e970039d7d453ad4198b98b3f79702-150x113.jpg 150w, https:\/\/senoticias.com.br\/se\/wp-content\/uploads\/2014\/04\/1_news_66_e8e970039d7d453ad4198b98b3f79702-269x201.jpg 269w, https:\/\/senoticias.com.br\/se\/wp-content\/uploads\/2014\/04\/1_news_66_e8e970039d7d453ad4198b98b3f79702.jpg 620w\" sizes=\"(max-width: 300px) 100vw, 300px\" \/><\/a><p id=\"caption-attachment-62366\" class=\"wp-caption-text\">Foto: Bastidores da Not\u00edcia (Cortesia)<\/p><\/div>\n<p style=\"text-align: justify;\">Familiares e amigos de Murilo Tadeu Caldas Fontes, 25, fecharam no in\u00edcio da noite desta segunda-feira (07) um trecho da avenida Pedro Calazans esquina com rua Laranjeiras em protesto pela morte do rapaz ocorrida na madrugada do \u00faltimo s\u00e1bado (05) dentro da Delegacia Plantonista. Eles alegam que os policiais n\u00e3o prestaram socorro ao rapaz.<\/p>\n<p style=\"text-align: justify;\">Utilizando de pneus e outros objetos, os manifestantes atearam fogo e interromperam o tr\u00e2nsito no trecho da avenida, a menos de 50 metros da Delegacia Plantonista. O trecho ficou obstru\u00eddo entre as ruas Laranjeiras e S\u00e3o Crist\u00f3v\u00e3o. Pouco tempo depois a Pol\u00edcia Militar dispersou os manifestantes.<\/p>\n<p style=\"text-align: justify;\"><strong>O caso<\/strong><\/p>\n<p style=\"text-align: justify;\">Segundo informa\u00e7\u00f5es da pol\u00edcia, Murilo estava junto com mais tr\u00eas amigos no conjunto Albano Franco, no munic\u00edpio de Nossa Senhora do Socorro, quando o ve\u00edculo em que estavam caiu em um buraco. No momento, em que tentavam retirar o carro chegou uma viatura da Pol\u00edcia Militar e abordou os rapazes.<\/p>\n<p style=\"text-align: justify;\">Foi determinado que eles colocassem a m\u00e3o na cabe\u00e7a, mas aparentemente alucinado, Murilo n\u00e3o obedeceu e um policial fez um disparo para o alto, o que fez com que Murilo corresse, mas logo em seguida foi preso pelos policiais que acabaram encontrando oito c\u00e1psulas de coca\u00edna nas m\u00e3os do rapaz. De acordo com relatos dos amigos de Murilo, ele teria consumido todo o conte\u00fado das c\u00e1psulas.<\/p>\n<p style=\"text-align: justify;\">Os homens foram colocados dentro da viatura policial e levados at\u00e9 a Delegacia Plantonista, por\u00e9m no trajeto, Murilo come\u00e7ou a respirar forte e sangrar pelo nariz. Ao chegar na Deplan, Murilo teria tido uma parada cardiorrespirat\u00f3ria. Uma ambul\u00e2ncia do SAMU foi acionada, mas o rapaz j\u00e1 estava morto.<\/p>\n<p style=\"text-align: justify;\"><strong>SSP<\/strong><\/p>\n<p style=\"text-align: justify;\">A Secretaria de Seguran\u00e7a P\u00fablica informou que a causa da morte de Murilo ser\u00e1 examinada pela Instituto M\u00e9dico Legal (IML). O \u00f3rg\u00e3o negou qualquer agress\u00e3o por parte dos policiais. Tanto que Murilo chegou a Delegacia Plantonista sem sinais de ter sido agredido.<\/p>\n<p style=\"text-align: justify;\">\n<p style=\"text-align: justify;\"><em>Com informa\u00e7\u00f5es do Jornal da Cidade.Net\u00a0<\/em><\/p>\n<p style=\"text-align: justify;\"><strong>Siga o SE Not\u00edcias pelo <a href=\"https:\/\/twitter.com\/Senoticias\" target=\"_blank\">Twitter<\/a> e curta pelo <a href=\"https:\/\/www.facebook.com\/PortalSENoticias\" target=\"_blank\">Facebook\u00a0<\/a><\/strong><\/p>\n","protected":false},"excerpt":{"rendered":"<p>Familiares e amigos de Murilo Tadeu Caldas Fontes, 25, fecharam no in\u00edcio da noite desta segunda-feira (07) um trecho da avenida Pedro Calazans esquina com rua Laranjeiras em protesto pela morte do rapaz ocorrida na madrugada do \u00faltimo s\u00e1bado (05) dentro da Delegacia Plantonista. Eles alegam que os policiais n\u00e3o prestaram socorro ao rapaz. Utilizando [&hellip;]<\/p>\n","protected":false},"author":1,"featured_media":62366,"comment_status":"closed","ping_status":"closed","sticky":false,"template":"","format":"standard","meta":{"footnotes":""},"categories":[7],"tags":[],"class_list":{"0":"post-62365","1":"post","2":"type-post","3":"status-publish","4":"format-standard","5":"has-post-thumbnail","7":"category-policia"},"_links":{"self":[{"href":"https:\/\/senoticias.com.br\/se\/wp-json\/wp\/v2\/posts\/62365"}],"collection":[{"href":"https:\/\/senoticias.com.br\/se\/wp-json\/wp\/v2\/posts"}],"about":[{"href":"https:\/\/senoticias.com.br\/se\/wp-json\/wp\/v2\/types\/post"}],"author":[{"embeddable":true,"href":"https:\/\/senoticias.com.br\/se\/wp-json\/wp\/v2\/users\/1"}],"replies":[{"embeddable":true,"href":"https:\/\/senoticias.com.br\/se\/wp-json\/wp\/v2\/comments?post=62365"}],"version-history":[{"count":0,"href":"https:\/\/senoticias.com.br\/se\/wp-json\/wp\/v2\/posts\/62365\/revisions"}],"wp:featuredmedia":[{"embeddable":true,"href":"https:\/\/senoticias.com.br\/se\/wp-json\/wp\/v2\/media\/62366"}],"wp:attachment":[{"href":"https:\/\/senoticias.com.br\/se\/wp-json\/wp\/v2\/media?parent=62365"}],"wp:term":[{"taxonomy":"category","embeddable":true,"href":"https:\/\/senoticias.com.br\/se\/wp-json\/wp\/v2\/categories?post=62365"},{"taxonomy":"post_tag","embeddable":true,"href":"https:\/\/senoticias.com.br\/se\/wp-json\/wp\/v2\/tags?post=62365"}],"curies":[{"name":"wp","href":"https:\/\/api.w.org\/{rel}","templated":true}]}}