{"id":62360,"date":"2014-04-08T12:18:26","date_gmt":"2014-04-08T15:18:26","guid":{"rendered":"http:\/\/senoticias.com.br\/se\/?p=62360"},"modified":"2014-04-08T12:19:19","modified_gmt":"2014-04-08T15:19:19","slug":"campanha-de-vacinacao-contra-hpv-termina-no-dia-10","status":"publish","type":"post","link":"https:\/\/senoticias.com.br\/se\/campanha-de-vacinacao-contra-hpv-termina-no-dia-10\/","title":{"rendered":"Campanha de vacina\u00e7\u00e3o contra HPV termina no dia 10"},"content":{"rendered":"<div id=\"attachment_62361\" style=\"width: 310px\" class=\"wp-caption alignright\"><a href=\"http:\/\/senoticias.com.br\/se\/wp-content\/uploads\/2014\/04\/grande-vacina_hpv_aracaju_070314.jpg\"><img loading=\"lazy\" decoding=\"async\" aria-describedby=\"caption-attachment-62361\" class=\"size-medium wp-image-62361\" alt=\"(Foto: Divulga\u00e7\u00e3o)\" src=\"http:\/\/senoticias.com.br\/se\/wp-content\/uploads\/2014\/04\/grande-vacina_hpv_aracaju_070314-300x199.jpg\" width=\"300\" height=\"199\" srcset=\"https:\/\/senoticias.com.br\/se\/wp-content\/uploads\/2014\/04\/grande-vacina_hpv_aracaju_070314-300x199.jpg 300w, https:\/\/senoticias.com.br\/se\/wp-content\/uploads\/2014\/04\/grande-vacina_hpv_aracaju_070314-342x227.jpg 342w, https:\/\/senoticias.com.br\/se\/wp-content\/uploads\/2014\/04\/grande-vacina_hpv_aracaju_070314.jpg 1000w\" sizes=\"(max-width: 300px) 100vw, 300px\" \/><\/a><p id=\"caption-attachment-62361\" class=\"wp-caption-text\">(Foto: Divulga\u00e7\u00e3o)<\/p><\/div>\n<p style=\"text-align: justify;\">O prazo para a vacina\u00e7\u00e3o contra o v\u00edrus HPV termina no pr\u00f3ximo dia 10 de abril. As meninas de 11 a 13 anos que ainda n\u00e3o se vacinaram devem procurar a Unidade de Sa\u00fade do munic\u00edpio onde mora. A campanha \u201cCada menina \u00e9 de um jeito, mas todas precisam de prote\u00e7\u00e3o\u201d foi deflagrada pelo Minist\u00e9rio da Sa\u00fade em todo pa\u00eds no dia 10 de mar\u00e7o.<\/p>\n<p style=\"text-align: justify;\">H\u00e1 menos de uma semana para o t\u00e9rmino da campanha de vacina\u00e7\u00e3o contra o v\u00edrus HPV, foram vacinadas 43.600 garotas, o que representa 69% da cobertura vacinal. Segundo a gerente de Imuniza\u00e7\u00e3o da Secretaria de Sa\u00fade, S\u00e2ndala Teles, 31 munic\u00edpios j\u00e1 atingiram a meta, imunizando acima de 80% das garotas.<\/p>\n<p style=\"text-align: justify;\">Os munic\u00edpios que atingiram a cobertura vacinal: Laranjeiras, Itaporanga, Santa Rosa de Lima, Lagarto, Salgado, Sim\u00e3o Dias, Canhoba, Telha, Propri\u00e1, Muribeca, Pacatuba, S\u00e3o Francisco, Amparo do S\u00e3o Francisco, Nossa Senhora de Lourdes, Arau\u00e1, Umba\u00faba, Indiaroba, Itabaianinha, Pinh\u00e3o, Frei Paulo, Pedra Mole, S\u00e3o Domingos, S\u00e3o Miguel do Aleixo, Cumbe, Carm\u00f3polis, Japaratuba, Ros\u00e1rio do Catete, Itabi, Gararu, Po\u00e7o Redondo, Canind\u00e9 do S\u00e3o Francisco.<\/p>\n<p style=\"text-align: justify;\">Em Aracaju, at\u00e9 a manh\u00e3 desta segunda-feira, 07, 6.300 meninas haviam sido imunizadas, o que representa um percentual de 44%. \u201cQuem ainda n\u00e3o se vacinou, deve procurar a Unidade de Sa\u00fade mais pr\u00f3xima\u201d, adverte a gerente.<br \/>\nA vacina que est\u00e1 sendo aplicada oferece prote\u00e7\u00e3o contra quatro subtipos (6, 11, 16 e 18) do v\u00edrus causador do HPV.<\/p>\n<p style=\"text-align: justify;\">Desses, os 16 e 18 s\u00e3o respons\u00e1veis por cerca de 70% dos casos de c\u00e2ncer de colo do \u00fatero em todo mundo. O v\u00edrus HPV \u00e9 uma das principais causas de ocorr\u00eancia do c\u00e2ncer do colo de \u00fatero &#8211; terceira maior taxa de incid\u00eancia entre os c\u00e2nceres que atingem as mulheres.<\/p>\n<p style=\"text-align: justify;\">A efic\u00e1cia da vacina distribu\u00edda pelo Minist\u00e9rio da Sa\u00fade nesta campanha \u00e9 eficaz na prote\u00e7\u00e3o de mulheres que ainda n\u00e3o iniciaram a vida sexual e, por isso, n\u00e3o tiveram nenhum contato com o v\u00edrus.<\/p>\n<p style=\"text-align: justify;\"><em>Fonte: SMS<\/em><\/p>\n<p style=\"text-align: justify;\"><strong>Siga o SE Not\u00edcias pelo <a href=\"https:\/\/twitter.com\/Senoticias\" target=\"_blank\">Twitter<\/a> e curta pelo <a href=\"https:\/\/www.facebook.com\/PortalSENoticias\" target=\"_blank\">Facebook\u00a0<\/a><\/strong><\/p>\n","protected":false},"excerpt":{"rendered":"<p>O prazo para a vacina\u00e7\u00e3o contra o v\u00edrus HPV termina no pr\u00f3ximo dia 10 de abril. As meninas de 11 a 13 anos que ainda n\u00e3o se vacinaram devem procurar a Unidade de Sa\u00fade do munic\u00edpio onde mora. A campanha \u201cCada menina \u00e9 de um jeito, mas todas precisam de prote\u00e7\u00e3o\u201d foi deflagrada pelo Minist\u00e9rio [&hellip;]<\/p>\n","protected":false},"author":1,"featured_media":62361,"comment_status":"closed","ping_status":"closed","sticky":false,"template":"","format":"standard","meta":{"footnotes":""},"categories":[1],"tags":[],"class_list":{"0":"post-62360","1":"post","2":"type-post","3":"status-publish","4":"format-standard","5":"has-post-thumbnail","7":"category-sem-categoria"},"_links":{"self":[{"href":"https:\/\/senoticias.com.br\/se\/wp-json\/wp\/v2\/posts\/62360"}],"collection":[{"href":"https:\/\/senoticias.com.br\/se\/wp-json\/wp\/v2\/posts"}],"about":[{"href":"https:\/\/senoticias.com.br\/se\/wp-json\/wp\/v2\/types\/post"}],"author":[{"embeddable":true,"href":"https:\/\/senoticias.com.br\/se\/wp-json\/wp\/v2\/users\/1"}],"replies":[{"embeddable":true,"href":"https:\/\/senoticias.com.br\/se\/wp-json\/wp\/v2\/comments?post=62360"}],"version-history":[{"count":0,"href":"https:\/\/senoticias.com.br\/se\/wp-json\/wp\/v2\/posts\/62360\/revisions"}],"wp:featuredmedia":[{"embeddable":true,"href":"https:\/\/senoticias.com.br\/se\/wp-json\/wp\/v2\/media\/62361"}],"wp:attachment":[{"href":"https:\/\/senoticias.com.br\/se\/wp-json\/wp\/v2\/media?parent=62360"}],"wp:term":[{"taxonomy":"category","embeddable":true,"href":"https:\/\/senoticias.com.br\/se\/wp-json\/wp\/v2\/categories?post=62360"},{"taxonomy":"post_tag","embeddable":true,"href":"https:\/\/senoticias.com.br\/se\/wp-json\/wp\/v2\/tags?post=62360"}],"curies":[{"name":"wp","href":"https:\/\/api.w.org\/{rel}","templated":true}]}}