{"id":62358,"date":"2014-04-08T12:13:17","date_gmt":"2014-04-08T15:13:17","guid":{"rendered":"http:\/\/senoticias.com.br\/se\/?p=62358"},"modified":"2014-04-08T12:13:18","modified_gmt":"2014-04-08T15:13:18","slug":"saude-de-aracaju-divulga-segundo-liraa-de-2014","status":"publish","type":"post","link":"https:\/\/senoticias.com.br\/se\/saude-de-aracaju-divulga-segundo-liraa-de-2014\/","title":{"rendered":"Sa\u00fade de Aracaju divulga segundo LIRAa de 2014"},"content":{"rendered":"<div id=\"attachment_62359\" style=\"width: 310px\" class=\"wp-caption alignright\"><a href=\"http:\/\/senoticias.com.br\/se\/wp-content\/uploads\/2014\/04\/grande-dengue-27022014-f-ses.jpg\"><img loading=\"lazy\" decoding=\"async\" aria-describedby=\"caption-attachment-62359\" class=\"size-medium wp-image-62359\" alt=\"(Foto: Ascom\/SES)\" src=\"http:\/\/senoticias.com.br\/se\/wp-content\/uploads\/2014\/04\/grande-dengue-27022014-f-ses-300x199.jpg\" width=\"300\" height=\"199\" \/><\/a><p id=\"caption-attachment-62359\" class=\"wp-caption-text\">(Foto: Ascom\/SES)<\/p><\/div>\n<p style=\"text-align: justify;\">As condi\u00e7\u00f5es clim\u00e1ticas e a falta de aten\u00e7\u00e3o dos cidad\u00e3os no armazenamento de \u00e1gua, durante o m\u00eas de mar\u00e7o, elevaram o resultado do \u00edndice de infesta\u00e7\u00e3o geral de Aracaju no tocante ao mosquito Aedes aegypti, transmissor da dengue. Em janeiro deste ano, os dados apresentados pelo Levantamento de \u00cdndice R\u00e1pido do Aedes (LIRA) eram de 2,4. J\u00e1 em mar\u00e7o, ap\u00f3s pesquisa entre os dias 6 e 14, este n\u00famero aumentou para 2,9, ainda considerado m\u00e9dio risco ou alerta.<\/p>\n<p style=\"text-align: justify;\">A coordenadora do Programa de Controle da Dengue de Aracaju, Taise Cavalcante, frisou que o desenvolvimento do mosquito continua dentro das casas, onde a falta de aten\u00e7\u00e3o da popula\u00e7\u00e3o acaba contribuindo para gerar condi\u00e7\u00f5es de prolifera\u00e7\u00e3o. &#8220;Dos 41 bairros de Aracaju tivemos quatro classificados em baixo risco (\u00edndice satisfat\u00f3rio), 32 bairros em m\u00e9dio risco (alerta) e cinco bairros com a classifica\u00e7\u00e3o de risco de epidemias, que s\u00e3o: Santa Maria, Cidade Nova, S\u00e3o Jos\u00e9, Suissa e Cirurgia. Avaliando o resultado do LIRAa de mar\u00e7o observamos que 14 bairros diminu\u00edram o \u00edndice de infesta\u00e7\u00e3o e 27 aumentaram o valor comparando com o resultado de janeiro.&#8221;, informou Ta\u00edse.<\/p>\n<p style=\"text-align: justify;\">A coordenadora frisa ainda um dado preocupante no combate \u00e0 dengue: a mania da popula\u00e7\u00e3o em reservar \u00e1gua (em locais ao n\u00edvel do solo) nas chamadas lavanderias. &#8220;Mesmo com uma pequena queda no \u00edndice de locais usados pra armazenar \u00e1gua, que passou de 85% para 77,5%, ainda precisamos que a popula\u00e7\u00e3o limpe no m\u00ednimo duas vezes por semana esses reservat\u00f3rios, tudo para evitar a prolifera\u00e7\u00e3o do mosquito. Dep\u00f3sitos domiciliares (vasos e pratos de plantas, ralos, lajes, sanit\u00e1rios em desuso, etc) ficaram, mais uma vez, com a segunda coloca\u00e7\u00e3o no quesito dep\u00f3sito de \u00e1gua com larva do mosquito, inclusive apresentando aumento na estat\u00edstica passando de 15,2% para 16,9%.&#8221;, explica Ta\u00edse.<\/p>\n<p style=\"text-align: justify;\">Detalhe importante revelado a partir dos dados deste \u00faltimo LIRAa diz respeito ao grande n\u00famero de focos em entulhos e res\u00edduos s\u00f3lidos encontrados dentro das casas e nos quintais. As informa\u00e7\u00f5es revelam que este indicador aumentou 386%, em compensa\u00e7\u00e3o n\u00e3o foram encontrados focos nos terrenos baldios.<\/p>\n<p style=\"text-align: justify;\"><strong>Recomenda\u00e7\u00e3o<\/strong><\/p>\n<p style=\"text-align: justify;\">A secret\u00e1ria da Sa\u00fade de Aracaju, Leane de Carvalho Machado, enfatiza que o controle da dengue tem que acontecer em conjunto, numa parceria forte entre a Sa\u00fade de Aracaju e o cidad\u00e3o aracajuano. &#8220;O compartilhamento de responsabilidades e integra\u00e7\u00e3o de esfor\u00e7os de todos aracajuanos \u00e9 a principal arma contra essa doen\u00e7a. Sabemos do perigo da dengue e temos que evitar qualquer chance da doen\u00e7a. Assim, garantimos o atendimento a todos os pacientes com suspeita de dengue nas Unidades B\u00e1sicas de Sa\u00fade, sempre avaliando todos os pacientes seguindo a classifica\u00e7\u00e3o de risco para prioridade de atendimento e encaminhamento quando necess\u00e1rio para outras Unidades de Sa\u00fade, notificando e comunicando imediatamente os casos da doen\u00e7a para a Vigil\u00e2ncia Epidemiol\u00f3gica, tudo com o objetivo de dar in\u00edcio \u00e0s a\u00e7\u00f5es de controle do vetor caso sejam necess\u00e1rias.&#8221;, pontua Leane.<\/p>\n<p style=\"text-align: justify;\">Vale frisar ainda que a Sa\u00fade de Aracaju garante a hidrata\u00e7\u00e3o venosa nas Unidades de Sa\u00fade da Fam\u00edlia, seguindo orienta\u00e7\u00e3o do Manual de Diagn\u00f3stico e Manejo Cl\u00ednico do Minist\u00e9rio da Sa\u00fade. Garante tamb\u00e9m a realiza\u00e7\u00e3o de exames: hemograma e plaquetas a todos os pacientes com suspeita de dengue para a avalia\u00e7\u00e3o e a conduta adequada, al\u00e9m de orientar o paciente e\/ou familiares\/cuidadores sobre os sinais de alarme, especialmente no primeiro dia do desaparecimento da febre, e orientar sobre o que fazer frente ao surgimento deles.<\/p>\n<p style=\"text-align: justify;\">&#8220;Providenciamos visita domiciliar dos agentes comunit\u00e1rios de Sa\u00fade para o acompanhamento dos pacientes e familiares e orientamos sobre a limpeza domiciliar de criadouros de Aedes aegypti, sempre encaminhando os casos suspeitos de dengue at\u00e9 o 3\u00ba dia da febre para as Unidades Sentinelas de Monitoramento do Munic\u00edpio ( Unidades Zona Norte e Zona Sul) pela manh\u00e3 para a coleta de virologia.&#8221;, complementa a diretora de Vigil\u00e2ncia em Sa\u00fade de Aracaju, Tereza Cristina Maynard.<\/p>\n<p style=\"text-align: justify;\"><em>Fonte: Ascom<\/em><\/p>\n<p style=\"text-align: justify;\"><strong>Siga o SE Not\u00edcias pelo <a href=\"https:\/\/twitter.com\/Senoticias\" target=\"_blank\">Twitter<\/a> e curta pelo <a href=\"https:\/\/www.facebook.com\/PortalSENoticias\" target=\"_blank\">Facebook\u00a0<\/a><\/strong><\/p>\n","protected":false},"excerpt":{"rendered":"<p>As condi\u00e7\u00f5es clim\u00e1ticas e a falta de aten\u00e7\u00e3o dos cidad\u00e3os no armazenamento de \u00e1gua, durante o m\u00eas de mar\u00e7o, elevaram o resultado do \u00edndice de infesta\u00e7\u00e3o geral de Aracaju no tocante ao mosquito Aedes aegypti, transmissor da dengue. Em janeiro deste ano, os dados apresentados pelo Levantamento de \u00cdndice R\u00e1pido do Aedes (LIRA) eram de [&hellip;]<\/p>\n","protected":false},"author":1,"featured_media":62359,"comment_status":"closed","ping_status":"closed","sticky":false,"template":"","format":"standard","meta":{"footnotes":""},"categories":[20],"tags":[],"class_list":{"0":"post-62358","1":"post","2":"type-post","3":"status-publish","4":"format-standard","5":"has-post-thumbnail","7":"category-saude"},"_links":{"self":[{"href":"https:\/\/senoticias.com.br\/se\/wp-json\/wp\/v2\/posts\/62358"}],"collection":[{"href":"https:\/\/senoticias.com.br\/se\/wp-json\/wp\/v2\/posts"}],"about":[{"href":"https:\/\/senoticias.com.br\/se\/wp-json\/wp\/v2\/types\/post"}],"author":[{"embeddable":true,"href":"https:\/\/senoticias.com.br\/se\/wp-json\/wp\/v2\/users\/1"}],"replies":[{"embeddable":true,"href":"https:\/\/senoticias.com.br\/se\/wp-json\/wp\/v2\/comments?post=62358"}],"version-history":[{"count":0,"href":"https:\/\/senoticias.com.br\/se\/wp-json\/wp\/v2\/posts\/62358\/revisions"}],"wp:featuredmedia":[{"embeddable":true,"href":"https:\/\/senoticias.com.br\/se\/wp-json\/wp\/v2\/media\/62359"}],"wp:attachment":[{"href":"https:\/\/senoticias.com.br\/se\/wp-json\/wp\/v2\/media?parent=62358"}],"wp:term":[{"taxonomy":"category","embeddable":true,"href":"https:\/\/senoticias.com.br\/se\/wp-json\/wp\/v2\/categories?post=62358"},{"taxonomy":"post_tag","embeddable":true,"href":"https:\/\/senoticias.com.br\/se\/wp-json\/wp\/v2\/tags?post=62358"}],"curies":[{"name":"wp","href":"https:\/\/api.w.org\/{rel}","templated":true}]}}