{"id":62355,"date":"2014-04-08T12:06:44","date_gmt":"2014-04-08T15:06:44","guid":{"rendered":"http:\/\/senoticias.com.br\/se\/?p=62355"},"modified":"2014-04-08T12:06:44","modified_gmt":"2014-04-08T15:06:44","slug":"movimento-sem-teto-pressiona-caixa-para-liberacao-de-450-moradias-em-se","status":"publish","type":"post","link":"https:\/\/senoticias.com.br\/se\/movimento-sem-teto-pressiona-caixa-para-liberacao-de-450-moradias-em-se\/","title":{"rendered":"Movimento Sem Teto pressiona Caixa para libera\u00e7\u00e3o de 450 moradias em SE"},"content":{"rendered":"<div id=\"attachment_62356\" style=\"width: 310px\" class=\"wp-caption alignright\"><a href=\"http:\/\/senoticias.com.br\/se\/wp-content\/uploads\/2014\/04\/10250095_4179850471731_2378011860627484986_n.jpg\"><img loading=\"lazy\" decoding=\"async\" aria-describedby=\"caption-attachment-62356\" class=\"size-medium wp-image-62356\" alt=\"Movimento Sem Teto pressiona Caixa para libera\u00e7\u00e3o de 450 moradias (Foto: Denise Gomes \/ G1)\" src=\"http:\/\/senoticias.com.br\/se\/wp-content\/uploads\/2014\/04\/10250095_4179850471731_2378011860627484986_n-300x225.jpg\" width=\"300\" height=\"225\" srcset=\"https:\/\/senoticias.com.br\/se\/wp-content\/uploads\/2014\/04\/10250095_4179850471731_2378011860627484986_n-300x225.jpg 300w, https:\/\/senoticias.com.br\/se\/wp-content\/uploads\/2014\/04\/10250095_4179850471731_2378011860627484986_n-342x256.jpg 342w, https:\/\/senoticias.com.br\/se\/wp-content\/uploads\/2014\/04\/10250095_4179850471731_2378011860627484986_n-60x45.jpg 60w, https:\/\/senoticias.com.br\/se\/wp-content\/uploads\/2014\/04\/10250095_4179850471731_2378011860627484986_n-150x113.jpg 150w, https:\/\/senoticias.com.br\/se\/wp-content\/uploads\/2014\/04\/10250095_4179850471731_2378011860627484986_n-269x201.jpg 269w, https:\/\/senoticias.com.br\/se\/wp-content\/uploads\/2014\/04\/10250095_4179850471731_2378011860627484986_n.jpg 620w\" sizes=\"(max-width: 300px) 100vw, 300px\" \/><\/a><p id=\"caption-attachment-62356\" class=\"wp-caption-text\">Movimento Sem Teto pressiona Caixa para libera\u00e7\u00e3o de 450 moradias (Foto: Denise Gomes \/ G1)<\/p><\/div>\n<p style=\"text-align: justify;\">Mais de 400 integrantes do Movimento Sem Teto de Sergipe (MST) est\u00e3o reunidos em um pr\u00e9dio da Caixa Econ\u00f4mica Federal, na Avenida Hermes Fontes, do Bairro Grageru, em Aracaju. Eles querem a libera\u00e7\u00e3o de uma verba j\u00e1 liberada, segundo o Movimento, pelo Minist\u00e9rio das Cidades para a constru\u00e7\u00e3o de mais de 450 moradias no Bairro Soledade, na Zona Norte de Aracaju.<\/p>\n<p style=\"text-align: justify;\">De acordo com o coordenador da categoria, Gilberto Oliveira j\u00e1 existe uma comiss\u00e3o conversando com o superintendente do \u00f3rg\u00e3o. \u201cSe eles n\u00e3o indicarem um posicionamento positivo vamos continuar aqui at\u00e9 n\u00e3o resistirem\u201d, assegura.<br \/>\nGilberto tamb\u00e9m informou que j\u00e1 tentaram por diversas vezes uma negocia\u00e7\u00e3o com os gestores. \u201cMas a \u00fanica justificativa que ouvimos \u00e9 a aus\u00eancia de documentos para a libera\u00e7\u00e3o do projeto\u201d, reclama.<\/p>\n<p style=\"text-align: justify;\">Em mar\u00e7o deste ano o Minist\u00e9rio das Cidades tamb\u00e9m liberou verbas para a constru\u00e7\u00e3o de mais de 150 unidades no bairro 17 de Mar\u00e7o. O movimento tem mais de 10 integrantes inscritos no estado.<\/p>\n<p style=\"text-align: justify;\">\n<p style=\"text-align: justify;\"><em>Com informa\u00e7\u00f5es do G1 Sergipe\u00a0<\/em><\/p>\n<p style=\"text-align: justify;\"><strong>Siga o SE Not\u00edcias pelo <a href=\"https:\/\/twitter.com\/Senoticias\" target=\"_blank\">Twitter <\/a>e curta pelo <a href=\"https:\/\/www.facebook.com\/PortalSENoticias\" target=\"_blank\">Facebook\u00a0<\/a><\/strong><\/p>\n","protected":false},"excerpt":{"rendered":"<p>Mais de 400 integrantes do Movimento Sem Teto de Sergipe (MST) est\u00e3o reunidos em um pr\u00e9dio da Caixa Econ\u00f4mica Federal, na Avenida Hermes Fontes, do Bairro Grageru, em Aracaju. Eles querem a libera\u00e7\u00e3o de uma verba j\u00e1 liberada, segundo o Movimento, pelo Minist\u00e9rio das Cidades para a constru\u00e7\u00e3o de mais de 450 moradias no Bairro [&hellip;]<\/p>\n","protected":false},"author":1,"featured_media":62356,"comment_status":"closed","ping_status":"closed","sticky":false,"template":"","format":"standard","meta":{"footnotes":""},"categories":[38],"tags":[],"class_list":{"0":"post-62355","1":"post","2":"type-post","3":"status-publish","4":"format-standard","5":"has-post-thumbnail","7":"category-municipios"},"_links":{"self":[{"href":"https:\/\/senoticias.com.br\/se\/wp-json\/wp\/v2\/posts\/62355"}],"collection":[{"href":"https:\/\/senoticias.com.br\/se\/wp-json\/wp\/v2\/posts"}],"about":[{"href":"https:\/\/senoticias.com.br\/se\/wp-json\/wp\/v2\/types\/post"}],"author":[{"embeddable":true,"href":"https:\/\/senoticias.com.br\/se\/wp-json\/wp\/v2\/users\/1"}],"replies":[{"embeddable":true,"href":"https:\/\/senoticias.com.br\/se\/wp-json\/wp\/v2\/comments?post=62355"}],"version-history":[{"count":0,"href":"https:\/\/senoticias.com.br\/se\/wp-json\/wp\/v2\/posts\/62355\/revisions"}],"wp:featuredmedia":[{"embeddable":true,"href":"https:\/\/senoticias.com.br\/se\/wp-json\/wp\/v2\/media\/62356"}],"wp:attachment":[{"href":"https:\/\/senoticias.com.br\/se\/wp-json\/wp\/v2\/media?parent=62355"}],"wp:term":[{"taxonomy":"category","embeddable":true,"href":"https:\/\/senoticias.com.br\/se\/wp-json\/wp\/v2\/categories?post=62355"},{"taxonomy":"post_tag","embeddable":true,"href":"https:\/\/senoticias.com.br\/se\/wp-json\/wp\/v2\/tags?post=62355"}],"curies":[{"name":"wp","href":"https:\/\/api.w.org\/{rel}","templated":true}]}}