{"id":62353,"date":"2014-04-08T12:02:30","date_gmt":"2014-04-08T15:02:30","guid":{"rendered":"http:\/\/senoticias.com.br\/se\/?p=62353"},"modified":"2014-04-08T12:02:30","modified_gmt":"2014-04-08T15:02:30","slug":"funcab-avaliacao-psicologica-de-carater-eliminatorio","status":"publish","type":"post","link":"https:\/\/senoticias.com.br\/se\/funcab-avaliacao-psicologica-de-carater-eliminatorio\/","title":{"rendered":"Funcab: avalia\u00e7\u00e3o psicol\u00f3gica de car\u00e1ter eliminat\u00f3rio"},"content":{"rendered":"<div id=\"attachment_46550\" style=\"width: 310px\" class=\"wp-caption alignright\"><a href=\"http:\/\/senoticias.com.br\/se\/wp-content\/uploads\/2013\/04\/policiamilita.jpg\"><img loading=\"lazy\" decoding=\"async\" aria-describedby=\"caption-attachment-46550\" class=\"size-medium wp-image-46550\" alt=\"(Foto: Reprodu\u00e7\u00e3o)\" src=\"http:\/\/senoticias.com.br\/se\/wp-content\/uploads\/2013\/04\/policiamilita-300x225.jpg\" width=\"300\" height=\"225\" srcset=\"https:\/\/senoticias.com.br\/se\/wp-content\/uploads\/2013\/04\/policiamilita-300x225.jpg 300w, https:\/\/senoticias.com.br\/se\/wp-content\/uploads\/2013\/04\/policiamilita-342x256.jpg 342w, https:\/\/senoticias.com.br\/se\/wp-content\/uploads\/2013\/04\/policiamilita-60x45.jpg 60w, https:\/\/senoticias.com.br\/se\/wp-content\/uploads\/2013\/04\/policiamilita-150x113.jpg 150w, https:\/\/senoticias.com.br\/se\/wp-content\/uploads\/2013\/04\/policiamilita-269x201.jpg 269w, https:\/\/senoticias.com.br\/se\/wp-content\/uploads\/2013\/04\/policiamilita.jpg 800w\" sizes=\"(max-width: 300px) 100vw, 300px\" \/><\/a><p id=\"caption-attachment-46550\" class=\"wp-caption-text\">(Foto: Reprodu\u00e7\u00e3o)<\/p><\/div>\n<p style=\"text-align: justify;\">A Funda\u00e7\u00e3o Professor Carlos Augusto Bittencourt (Funcab) anuncia a quarta etapa do concurso p\u00fablico da Pol\u00edcia Militar de Sergipe: Avalia\u00e7\u00e3o Psicol\u00f3gica de Car\u00e1ter Eliminat\u00f3rio. A convoca\u00e7\u00e3o est\u00e1 agendada para o dia 25 deste m\u00eas, j\u00e1 a realiza\u00e7\u00e3o da prova acontecer\u00e1 em maio, 3 e\/ou 4 de maio, enquanto o resultado dos candidatos aptos na avalia\u00e7\u00e3o psicol\u00f3gica deve sair no dia 20 de maio. A Funcab informa que s\u00f3 ser\u00e3o convocados para a realiza\u00e7\u00e3o desta etapa todos os candidatos Aptos no Teste de Aptid\u00e3o F\u00edsica.<\/p>\n<p style=\"text-align: justify;\">Ainda de acordo com a Funda\u00e7\u00e3o, a Avalia\u00e7\u00e3o Psicol\u00f3gica de presen\u00e7a obrigat\u00f3ria e de car\u00e1ter eliminat\u00f3rio, prevista no Estatuto dos Policiais Militares do Estado de Sergipe, consistir\u00e1 na aplica\u00e7\u00e3o de um conjunto de procedimentos objetivos e cient\u00edficos, que permite aferir a compatibilidade das caracter\u00edsticas psicol\u00f3gicas do candidato com as atribui\u00e7\u00f5es do cargo. Ser\u00e1 feita uma an\u00e1lise objetiva e padronizada de caracter\u00edsticas cognitivas, emocionais, de personalidade e motivacionais dos candidatos, podendo ser aplicada coletivamente. Para tanto poder\u00e3o ser utilizados testes, question\u00e1rios ou invent\u00e1rios aprovados pelo Conselho Federal de Psicologia e realizados por psic\u00f3logos registrados no Conselho Regional de Psicologia.<\/p>\n<p style=\"text-align: justify;\">No dia da realiza\u00e7\u00e3o dos testes o candidato dever\u00e1 comparecer ao local indicado no respectivo Edital de Convoca\u00e7\u00e3o com anteced\u00eancia m\u00ednima de uma hora do hor\u00e1rio fixado para seu in\u00edcio, munido de documento oficial, original, de identidade, caneta esferogr\u00e1fica azul ou preta e dois l\u00e1pis pretos n\u00ba 2. Para essa etapa a Funcab orienta que o candidato durma pelo menos oito horas de sono; se alimente adequadamente no caf\u00e9 da manh\u00e3 e almo\u00e7o, com uma refei\u00e7\u00e3o leve e saud\u00e1vel e n\u00e3o consuma bebidas alco\u00f3licas.<\/p>\n<p style=\"text-align: justify;\">Nesta etapa o candidato inapto ou faltoso ser\u00e1 eliminado do Concurso P\u00fablico. A Funcab informa que a inaptid\u00e3o na Avalia\u00e7\u00e3o Psicol\u00f3gica n\u00e3o pressup\u00f5e a exist\u00eancia de transtornos mentais; indica, t\u00e3o somente, que o avaliado n\u00e3o atendeu, \u00e0 \u00e9poca dos exames, aos par\u00e2metros exigidos para o exerc\u00edcio das fun\u00e7\u00f5es. Para a divulga\u00e7\u00e3o dos resultados, ser\u00e1 observado o previsto na Resolu\u00e7\u00e3o n\u00ba 01\/2002 do Conselho Federal de Psicologia, que cita no caput do seu artigo 6\u00ba que \u201ca publica\u00e7\u00e3o do resultado da Avalia\u00e7\u00e3o Psicol\u00f3gica ser\u00e1 feita por meio de rela\u00e7\u00e3o nominal, constando apenas os candidatos aptos.<\/p>\n<p style=\"text-align: justify;\"><em>Fonte: Assessoria de Imprensa<\/em><\/p>\n<p style=\"text-align: justify;\"><strong>Siga o SE Not\u00edcias pelo <a href=\"https:\/\/twitter.com\/Senoticias\" target=\"_blank\">Twitter<\/a> e curta pelo <a href=\"https:\/\/www.facebook.com\/PortalSENoticias\" target=\"_blank\">Facebook\u00a0<\/a><\/strong><\/p>\n","protected":false},"excerpt":{"rendered":"<p>A Funda\u00e7\u00e3o Professor Carlos Augusto Bittencourt (Funcab) anuncia a quarta etapa do concurso p\u00fablico da Pol\u00edcia Militar de Sergipe: Avalia\u00e7\u00e3o Psicol\u00f3gica de Car\u00e1ter Eliminat\u00f3rio. A convoca\u00e7\u00e3o est\u00e1 agendada para o dia 25 deste m\u00eas, j\u00e1 a realiza\u00e7\u00e3o da prova acontecer\u00e1 em maio, 3 e\/ou 4 de maio, enquanto o resultado dos candidatos aptos na avalia\u00e7\u00e3o [&hellip;]<\/p>\n","protected":false},"author":1,"featured_media":46550,"comment_status":"closed","ping_status":"closed","sticky":false,"template":"","format":"standard","meta":{"footnotes":""},"categories":[9],"tags":[],"class_list":{"0":"post-62353","1":"post","2":"type-post","3":"status-publish","4":"format-standard","5":"has-post-thumbnail","7":"category-concursos"},"_links":{"self":[{"href":"https:\/\/senoticias.com.br\/se\/wp-json\/wp\/v2\/posts\/62353"}],"collection":[{"href":"https:\/\/senoticias.com.br\/se\/wp-json\/wp\/v2\/posts"}],"about":[{"href":"https:\/\/senoticias.com.br\/se\/wp-json\/wp\/v2\/types\/post"}],"author":[{"embeddable":true,"href":"https:\/\/senoticias.com.br\/se\/wp-json\/wp\/v2\/users\/1"}],"replies":[{"embeddable":true,"href":"https:\/\/senoticias.com.br\/se\/wp-json\/wp\/v2\/comments?post=62353"}],"version-history":[{"count":0,"href":"https:\/\/senoticias.com.br\/se\/wp-json\/wp\/v2\/posts\/62353\/revisions"}],"wp:featuredmedia":[{"embeddable":true,"href":"https:\/\/senoticias.com.br\/se\/wp-json\/wp\/v2\/media\/46550"}],"wp:attachment":[{"href":"https:\/\/senoticias.com.br\/se\/wp-json\/wp\/v2\/media?parent=62353"}],"wp:term":[{"taxonomy":"category","embeddable":true,"href":"https:\/\/senoticias.com.br\/se\/wp-json\/wp\/v2\/categories?post=62353"},{"taxonomy":"post_tag","embeddable":true,"href":"https:\/\/senoticias.com.br\/se\/wp-json\/wp\/v2\/tags?post=62353"}],"curies":[{"name":"wp","href":"https:\/\/api.w.org\/{rel}","templated":true}]}}