{"id":62350,"date":"2014-04-08T11:53:18","date_gmt":"2014-04-08T14:53:18","guid":{"rendered":"http:\/\/senoticias.com.br\/se\/?p=62350"},"modified":"2014-04-08T11:56:35","modified_gmt":"2014-04-08T14:56:35","slug":"mp-abre-processo-seletivo-para-estagiarios-de-jornalismo-e-design-grafico","status":"publish","type":"post","link":"https:\/\/senoticias.com.br\/se\/mp-abre-processo-seletivo-para-estagiarios-de-jornalismo-e-design-grafico\/","title":{"rendered":"MP abre processo seletivo para estagi\u00e1rios de Jornalismo e Design Gr\u00e1fico"},"content":{"rendered":"<div id=\"attachment_59852\" style=\"width: 310px\" class=\"wp-caption alignright\"><a href=\"http:\/\/senoticias.com.br\/se\/wp-content\/uploads\/2014\/02\/grande-mpe_arquivo_120214.jpg\"><img loading=\"lazy\" decoding=\"async\" aria-describedby=\"caption-attachment-59852\" class=\"size-medium wp-image-59852 \" alt=\"Ser\u00e3o disponibilizadas 01 (uma) vaga para estudante do curso de Jornalismo, e 03 (tr\u00eas) vagas para estudantes do curso de Design Gr\u00e1fico. (Foto: arquivo Portal Infonet)\" src=\"http:\/\/senoticias.com.br\/se\/wp-content\/uploads\/2014\/02\/grande-mpe_arquivo_120214-300x199.jpg\" width=\"300\" height=\"199\" srcset=\"https:\/\/senoticias.com.br\/se\/wp-content\/uploads\/2014\/02\/grande-mpe_arquivo_120214-300x199.jpg 300w, https:\/\/senoticias.com.br\/se\/wp-content\/uploads\/2014\/02\/grande-mpe_arquivo_120214-342x227.jpg 342w, https:\/\/senoticias.com.br\/se\/wp-content\/uploads\/2014\/02\/grande-mpe_arquivo_120214.jpg 1000w\" sizes=\"(max-width: 300px) 100vw, 300px\" \/><\/a><p id=\"caption-attachment-59852\" class=\"wp-caption-text\">Ser\u00e3o disponibilizadas vaga para estudante do curso de Jornalismo e do curso de Design Gr\u00e1fico. (Foto: arquivo Portal Infonet)<\/p><\/div>\n<p style=\"text-align: justify;\">A Escola Superior do Minist\u00e9rio P\u00fablico de Sergipe (ESMP\/SE) torna p\u00fablica a realiza\u00e7\u00e3o do Processo Seletivo de est\u00e1gio para estudantes dos cursos de Comunica\u00e7\u00e3o Social\/Jornalismo e Design Gr\u00e1fico, destinado ao preenchimento de vagas para o Minist\u00e9rio P\u00fablico de Sergipe.<\/p>\n<p style=\"text-align: justify;\">Ser\u00e3o disponibilizadas 01 (uma) vaga para estudante do curso de Jornalismo, e 03 (tr\u00eas) vagas para estudantes do curso de Design Gr\u00e1fico, bem como \u00e0 forma\u00e7\u00e3o de cadastro de reserva. Para a inscri\u00e7\u00e3o ser\u00e1 cobrada uma taxa no valor de R$ 30,00.<\/p>\n<p style=\"text-align: justify;\">O estagi\u00e1rio aprovado dever\u00e1 cumprir uma jornada de trabalho de 20 (vinte) horas semanais, no per\u00edodo vespertino, distribu\u00eddas diariamente em 04 (quatro) horas, e ser\u00e1 remunerado com a import\u00e2ncia mensal de R$ 724,00 a t\u00edtulo de bolsa de complementa\u00e7\u00e3o educacional, al\u00e9m de aux\u00edlio-transporte no valor de R$ 4,70 por dia efetivamente estagiado.<\/p>\n<p style=\"text-align: justify;\">As inscri\u00e7\u00f5es para o processo seletivo ser\u00e3o realizadas no per\u00edodo de 31\/03\/2014 at\u00e9 \u00e0s 17h do dia 16\/04\/2014, devendo o candidato acessar o endere\u00e7o eletr\u00f4nico www.esmp.mpse.mp.br, preencher e imprimir o formul\u00e1rio de inscri\u00e7\u00e3o, e posteriormente entreg\u00e1-lo na ESMP\/SE, acompanhado da rela\u00e7\u00e3o de documentos dispostos no item 1.11 do edital 04\/2014 ESMP\/SE, disponibilizado no link abaixo.<\/p>\n<p style=\"text-align: justify;\"><strong><a href=\"http:\/\/www.intranet.mp.se.gov.br\/xpublish\/userfiles\/file\/EDITAL%20JORNALISMO.pdf\" target=\"_blank\">Confira o edital\u00a0<\/a>\u00a0<\/strong><\/p>\n<p style=\"text-align: justify;\"><strong>Siga o SE Not\u00edcias pelo <a href=\"https:\/\/twitter.com\/Senoticias\" target=\"_blank\">Twitter <\/a>e curta no <a href=\"https:\/\/www.facebook.com\/PortalSENoticias?ref=hl\" target=\"_blank\">Facebook\u00a0<\/a><\/strong><\/p>\n","protected":false},"excerpt":{"rendered":"<p>A Escola Superior do Minist\u00e9rio P\u00fablico de Sergipe (ESMP\/SE) torna p\u00fablica a realiza\u00e7\u00e3o do Processo Seletivo de est\u00e1gio para estudantes dos cursos de Comunica\u00e7\u00e3o Social\/Jornalismo e Design Gr\u00e1fico, destinado ao preenchimento de vagas para o Minist\u00e9rio P\u00fablico de Sergipe. Ser\u00e3o disponibilizadas 01 (uma) vaga para estudante do curso de Jornalismo, e 03 (tr\u00eas) vagas para [&hellip;]<\/p>\n","protected":false},"author":1,"featured_media":59852,"comment_status":"closed","ping_status":"closed","sticky":false,"template":"","format":"standard","meta":{"footnotes":""},"categories":[44],"tags":[],"class_list":{"0":"post-62350","1":"post","2":"type-post","3":"status-publish","4":"format-standard","5":"has-post-thumbnail","7":"category-educacao"},"_links":{"self":[{"href":"https:\/\/senoticias.com.br\/se\/wp-json\/wp\/v2\/posts\/62350"}],"collection":[{"href":"https:\/\/senoticias.com.br\/se\/wp-json\/wp\/v2\/posts"}],"about":[{"href":"https:\/\/senoticias.com.br\/se\/wp-json\/wp\/v2\/types\/post"}],"author":[{"embeddable":true,"href":"https:\/\/senoticias.com.br\/se\/wp-json\/wp\/v2\/users\/1"}],"replies":[{"embeddable":true,"href":"https:\/\/senoticias.com.br\/se\/wp-json\/wp\/v2\/comments?post=62350"}],"version-history":[{"count":0,"href":"https:\/\/senoticias.com.br\/se\/wp-json\/wp\/v2\/posts\/62350\/revisions"}],"wp:featuredmedia":[{"embeddable":true,"href":"https:\/\/senoticias.com.br\/se\/wp-json\/wp\/v2\/media\/59852"}],"wp:attachment":[{"href":"https:\/\/senoticias.com.br\/se\/wp-json\/wp\/v2\/media?parent=62350"}],"wp:term":[{"taxonomy":"category","embeddable":true,"href":"https:\/\/senoticias.com.br\/se\/wp-json\/wp\/v2\/categories?post=62350"},{"taxonomy":"post_tag","embeddable":true,"href":"https:\/\/senoticias.com.br\/se\/wp-json\/wp\/v2\/tags?post=62350"}],"curies":[{"name":"wp","href":"https:\/\/api.w.org\/{rel}","templated":true}]}}