{"id":62012,"date":"2014-04-01T17:24:12","date_gmt":"2014-04-01T20:24:12","guid":{"rendered":"http:\/\/senoticias.com.br\/se\/?p=62012"},"modified":"2014-04-01T18:29:19","modified_gmt":"2014-04-01T21:29:19","slug":"sergipe-e-1o-do-nordeste-e-3o-do-pais-em-investimento-na-atencao-basica","status":"publish","type":"post","link":"https:\/\/senoticias.com.br\/se\/sergipe-e-1o-do-nordeste-e-3o-do-pais-em-investimento-na-atencao-basica\/","title":{"rendered":"Sergipe \u00e9 1\u00ba do Nordeste e 3\u00ba do pa\u00eds em investimento na Aten\u00e7\u00e3o B\u00e1sica"},"content":{"rendered":"<div id=\"attachment_62013\" style=\"width: 310px\" class=\"wp-caption alignright\"><a href=\"http:\/\/senoticias.com.br\/se\/wp-content\/uploads\/2014\/04\/CSFFotodeMarcosRodrigues2.jpeg\"><img loading=\"lazy\" decoding=\"async\" aria-describedby=\"caption-attachment-62013\" class=\"size-medium wp-image-62013\" alt=\"Cl\u00ednica de Sa\u00fade da Fam\u00edlia | Foto: Marcos Rodrigues\/ASN\" src=\"http:\/\/senoticias.com.br\/se\/wp-content\/uploads\/2014\/04\/CSFFotodeMarcosRodrigues2-300x201.jpeg\" width=\"300\" height=\"201\" srcset=\"https:\/\/senoticias.com.br\/se\/wp-content\/uploads\/2014\/04\/CSFFotodeMarcosRodrigues2-300x201.jpeg 300w, https:\/\/senoticias.com.br\/se\/wp-content\/uploads\/2014\/04\/CSFFotodeMarcosRodrigues2-342x229.jpeg 342w, https:\/\/senoticias.com.br\/se\/wp-content\/uploads\/2014\/04\/CSFFotodeMarcosRodrigues2.jpeg 500w\" sizes=\"(max-width: 300px) 100vw, 300px\" \/><\/a><p id=\"caption-attachment-62013\" class=\"wp-caption-text\">Cl\u00ednica de Sa\u00fade da Fam\u00edlia | Foto: Marcos Rodrigues\/ASN<\/p><\/div>\n<p style=\"text-align: justify;\">Sergipe \u00e9 o Estado da regi\u00e3o Nordeste que mais investe em Aten\u00e7\u00e3o B\u00e1sica na Sa\u00fade. Dos R$ 977.718.990,00 do or\u00e7amento previsto para a \u00e1rea de sa\u00fade em 2013, R$ 82.324.639,00 (8,42%) foram destinados ao setor. O segundo da regi\u00e3o, Rio Grande do Norte, aparece com uma diferen\u00e7a bastante acentuada, com 2,87% de destina\u00e7\u00e3o. Os dados est\u00e3o na Pesquisa de Informa\u00e7\u00f5es B\u00e1sicas Estaduais (Estadic\/2013) divulgada em mar\u00e7o, pelo Instituto Brasileiro de Geografia e Estat\u00edstica (IBGE).<\/p>\n<p style=\"text-align: justify;\">O \u00edndice de 8,42% apontado na pesquisa \u00e9 quatro vezes maior que a m\u00e9dia da regi\u00e3o Nordeste (2,14%) e quase tr\u00eas vezes mais que a m\u00e9dia nacional (3,35%). Em 2013, os estados nordestinos destinaram R$ 308.809.256,14 para a Aten\u00e7\u00e3o B\u00e1sica na Sa\u00fade. Desse montante, R$ 82.324.639,00 foram destinados pelo Estado de Sergipe para a Aten\u00e7\u00e3o B\u00e1sica de seus 75 munic\u00edpios.<\/p>\n<p style=\"text-align: justify;\"><strong>Ranking nacional<\/strong><\/p>\n<p style=\"text-align: justify;\">Em 2013, os 27 estados, incluindo o Distrito Federal, com os maiores or\u00e7amentos proporcionais para a Aten\u00e7\u00e3o B\u00e1sica foram Rio Grande do Sul (12,87%), Minas Gerais (11,8%) e Sergipe (8,42%). Os que menos destinaram foram Maranh\u00e3o (0,27%), Roraima (0,32%) e Acre (0,35%).<\/p>\n<p style=\"text-align: justify;\">No pa\u00eds, a posi\u00e7\u00e3o de Sergipe na destina\u00e7\u00e3o de recursos para a Aten\u00e7\u00e3o B\u00e1sica surge em terceiro lugar, perdendo apenas para o Rio Grande do Sul, que em 2013 destinou 12,87% do seu or\u00e7amento anual para a subfun\u00e7\u00e3o da Sa\u00fade (Aten\u00e7\u00e3o B\u00e1sica), e para Minas Gerais que aparece no Estadic com 11,8%.<\/p>\n<p style=\"text-align: justify;\"><strong>Destina\u00e7\u00e3o \u00e0 Fun\u00e7\u00e3o Sa\u00fade<\/strong><\/p>\n<p style=\"text-align: justify;\">Assim como na destina\u00e7\u00e3o de recursos para a Aten\u00e7\u00e3o B\u00e1sica, no quesito destina\u00e7\u00e3o \u00e0 Fun\u00e7\u00e3o Sa\u00fade, Sergipe aparece com percentual acima da m\u00e9dia nacional de 11,2%. Em 2013, segundo o Estadic, o Estado de Sergipe destinou 12,51% da sua previs\u00e3o or\u00e7ament\u00e1ria para a Sa\u00fade. Esse \u00edndice equivale a R$ 977.718.990,00 aplicados em 2013 pelo Estado na Sa\u00fade de Sergipe.<\/p>\n<p style=\"text-align: justify;\">&#8220;Do per\u00edodo de coleta dos dados para a pesquisa at\u00e9 o final de 2013, o \u00edndice de investimento do Governo do Estado na Sa\u00fade avan\u00e7ou ainda mais, terminando o ano com 12,95% de investimento na Sa\u00fade do Estado. S\u00e3o dados registrados no Sistema de Informa\u00e7\u00f5es sobre Or\u00e7amentos P\u00fablicos em Sa\u00fade (SIOPS). O sistema traz tamb\u00e9m que da despesa m\u00e9dia por habitante, em 2013, de R$401,67, o Estado custeou com recursos pr\u00f3prios R$295,74 por habitante, o que equivale a cerca de 74%, em rela\u00e7\u00e3o ao valor total da despesa. E na Aten\u00e7\u00e3o B\u00e1sica, esse \u00edndice tamb\u00e9m superou os j\u00e1 divulgados pelo IBGE que era de 8,42% e Sergipe fechou o ano de 2013 com 10,11% de investimento executado\u201d, esclarece Jo\u00e9lia Silva Santos.<\/p>\n<p style=\"text-align: justify;\">A pesquisa do IBGE faz um levantamento do total de or\u00e7amento de cada estado e o que era previsto para gastar na fun\u00e7\u00e3o Sa\u00fade no ano de 2013.<\/p>\n<p style=\"text-align: justify;\">\u201cFortalecer a Aten\u00e7\u00e3o B\u00e1sica sempre foi uma preocupa\u00e7\u00e3o do Governo do Estado que constr\u00f3i, equipa e entrega as Cl\u00ednicas de Sa\u00fade da Fam\u00edlia para que os profissionais tenham condi\u00e7\u00f5es favor\u00e1veis e estruturais para garantir que todo o usu\u00e1rio do SUS tenha a assist\u00eancia que precisa. Al\u00e9m disso, essas Cl\u00ednicas t\u00eam sido fundamentais para a fixa\u00e7\u00e3o do profissional de Sa\u00fade no interior, que sempre foi um obst\u00e1culo na garantia da assist\u00eancia\u201d, disse a secret\u00e1ria de Estado da Sa\u00fade, Jo\u00e9lia Silva Santos.<\/p>\n<p style=\"text-align: justify;\"><strong>Investimentos<\/strong><\/p>\n<p style=\"text-align: justify;\">No \u00faltimo dia 14 de mar\u00e7o, o Governo do Estado inaugurou em Itabaianinha mais uma CSF. A 85\u00aa Cl\u00ednica de Sa\u00fade da Fam\u00edlia Maria Francisca de Santana faz parte de um investimento Estadual que integra um projeto de constru\u00e7\u00e3o de Cl\u00ednicas em todo o Estado no total de R$ 72 milh\u00f5es. Das CSF inauguradas, 22 possuem atendimento 24 horas, com Salas de Estabiliza\u00e7\u00e3o.<\/p>\n<p style=\"text-align: justify;\">&#8220;S\u00e3o in\u00fameros os avan\u00e7os da Sa\u00fade neste Governo que construiu, equipou, inaugurou e entregou aos gestores municipais as Cl\u00ednicas de Sa\u00fade da Fam\u00edlia, al\u00e9m de Hospitais Regionais, Hospitais Locais, Unidades de Pronto Atendimento, Farm\u00e1cias Populares e Centros de Especialidades Odontol\u00f3gicas. Tudo isso \u00e9 investimento do Governo do Estado que trabalha para garantir mais sa\u00fade para mais sergipanos&#8221;, refor\u00e7a Jo\u00e9lia Silva Santos.<\/p>\n<p style=\"text-align: justify;\"><strong>Recursos pr\u00f3prios<\/strong><\/p>\n<p style=\"text-align: justify;\">De acordo com a secret\u00e1ria, atualmente, 72% dos gastos com a Sa\u00fade P\u00fablica s\u00e3o custeados com recursos pr\u00f3prios do Governo do Estado, enquanto o Minist\u00e9rio da Sa\u00fade arca com 28%. \u201cQuando se fala em Sa\u00fade P\u00fablica, o Estado vem cumprindo muito al\u00e9m do seu papel, garantindo, inclusive, o atendimento que n\u00e3o seria de sua complexidade, a exemplo daqueles que deveriam ser absorvidos nas Unidades B\u00e1sicas de Sa\u00fade e nas Unidades de Pronto Atendimento\u201d, informou.<\/p>\n<p style=\"text-align: justify;\">O investimento na Aten\u00e7\u00e3o B\u00e1sica \u00e9 apenas um dos itens de avan\u00e7o do Governo do Estado na \u00e1rea da Sa\u00fade que integra a\u00e7\u00f5es que v\u00e3o da amplia\u00e7\u00e3o de leitos de UTI. Em 2007 eram 19 e hoje s\u00e3o 85, sendo 75 no Huse e 10 no Hospital Regional de Lagarto, com previs\u00e3o de amplia\u00e7\u00e3o em breve de mais 10, desta vez no Hospital Regional de Itabaiana.<\/p>\n<p style=\"text-align: justify;\">Al\u00e9m dos leitos cr\u00edticos, a Sa\u00fade no Estado tem avan\u00e7ado em diversas outras \u00e1reas, com destaque para a descentraliza\u00e7\u00e3o da assist\u00eancia hospitalar que em 2013 realizou mais de 800 mil atendimentos. Esse avan\u00e7o inclui a ortopedia, que antes era restrita ao Huse e hoje os procedimentos ortop\u00e9dicos passaram a ser realizados, tamb\u00e9m, nos Hospitais Regionais de Itabaiana, Lagarto, Socorro e Propri\u00e1. J\u00e1 em Est\u00e2ncia, foram abertos 65 novos leitos e o Centro Cir\u00fargico que realiza, tamb\u00e9m, cirurgias oncol\u00f3gicas de menor porte. J\u00e1 em Gl\u00f3ria, com 70% da obra entregue, o Governo conduz o processo para conclus\u00e3o da obra.<\/p>\n<p style=\"text-align: justify;\"><strong>Siga o SE Not\u00edcias pelo <a href=\" https:\/\/twitter.com\/Senoticias\" target=\"_blank\">Twitter <\/a>e curta no <a href=\" https:\/\/www.facebook.com\/PortalSENoticias\" target=\"_blank\">Facebook<\/a><\/strong><\/p>\n<p style=\"text-align: justify;\"><em><strong>Ag\u00eancia Sergipe de Not\u00edcias<\/strong><\/em><\/p>\n","protected":false},"excerpt":{"rendered":"<p>Sergipe \u00e9 o Estado da regi\u00e3o Nordeste que mais investe em Aten\u00e7\u00e3o B\u00e1sica na Sa\u00fade. Dos R$ 977.718.990,00 do or\u00e7amento previsto para a \u00e1rea de sa\u00fade em 2013, R$ 82.324.639,00 (8,42%) foram destinados ao setor. O segundo da regi\u00e3o, Rio Grande do Norte, aparece com uma diferen\u00e7a bastante acentuada, com 2,87% de destina\u00e7\u00e3o. Os dados [&hellip;]<\/p>\n","protected":false},"author":1,"featured_media":62013,"comment_status":"closed","ping_status":"closed","sticky":false,"template":"","format":"standard","meta":{"footnotes":""},"categories":[6],"tags":[],"class_list":{"0":"post-62012","1":"post","2":"type-post","3":"status-publish","4":"format-standard","5":"has-post-thumbnail","7":"category-politica"},"_links":{"self":[{"href":"https:\/\/senoticias.com.br\/se\/wp-json\/wp\/v2\/posts\/62012"}],"collection":[{"href":"https:\/\/senoticias.com.br\/se\/wp-json\/wp\/v2\/posts"}],"about":[{"href":"https:\/\/senoticias.com.br\/se\/wp-json\/wp\/v2\/types\/post"}],"author":[{"embeddable":true,"href":"https:\/\/senoticias.com.br\/se\/wp-json\/wp\/v2\/users\/1"}],"replies":[{"embeddable":true,"href":"https:\/\/senoticias.com.br\/se\/wp-json\/wp\/v2\/comments?post=62012"}],"version-history":[{"count":0,"href":"https:\/\/senoticias.com.br\/se\/wp-json\/wp\/v2\/posts\/62012\/revisions"}],"wp:featuredmedia":[{"embeddable":true,"href":"https:\/\/senoticias.com.br\/se\/wp-json\/wp\/v2\/media\/62013"}],"wp:attachment":[{"href":"https:\/\/senoticias.com.br\/se\/wp-json\/wp\/v2\/media?parent=62012"}],"wp:term":[{"taxonomy":"category","embeddable":true,"href":"https:\/\/senoticias.com.br\/se\/wp-json\/wp\/v2\/categories?post=62012"},{"taxonomy":"post_tag","embeddable":true,"href":"https:\/\/senoticias.com.br\/se\/wp-json\/wp\/v2\/tags?post=62012"}],"curies":[{"name":"wp","href":"https:\/\/api.w.org\/{rel}","templated":true}]}}