{"id":62009,"date":"2014-04-01T18:20:55","date_gmt":"2014-04-01T21:20:55","guid":{"rendered":"http:\/\/senoticias.com.br\/se\/?p=62009"},"modified":"2014-04-01T18:20:55","modified_gmt":"2014-04-01T21:20:55","slug":"policia-prende-acusado-de-roubos-na-cidade-de-itaporanga-dajuda","status":"publish","type":"post","link":"https:\/\/senoticias.com.br\/se\/policia-prende-acusado-de-roubos-na-cidade-de-itaporanga-dajuda\/","title":{"rendered":"Pol\u00edcia prende acusado de roubos na cidade de Itaporanga D\u2019Ajuda"},"content":{"rendered":"<div id=\"attachment_62010\" style=\"width: 202px\" class=\"wp-caption alignright\"><a href=\"http:\/\/senoticias.com.br\/se\/wp-content\/uploads\/2014\/04\/Acusado.png\"><img loading=\"lazy\" decoding=\"async\" aria-describedby=\"caption-attachment-62010\" class=\"size-medium wp-image-62010\" alt=\"Edinatan Eduardo de Abreu, 18 anos. (Foto: 1\u00aa Cia\/Itaporanga)\" src=\"http:\/\/senoticias.com.br\/se\/wp-content\/uploads\/2014\/04\/Acusado-192x300.png\" width=\"192\" height=\"300\" srcset=\"https:\/\/senoticias.com.br\/se\/wp-content\/uploads\/2014\/04\/Acusado-192x300.png 192w, https:\/\/senoticias.com.br\/se\/wp-content\/uploads\/2014\/04\/Acusado.png 261w\" sizes=\"(max-width: 192px) 100vw, 192px\" \/><\/a><p id=\"caption-attachment-62010\" class=\"wp-caption-text\">Edinatan Eduardo de Abreu, 18 anos. (Foto: 1\u00aa Cia\/Itaporanga)<\/p><\/div>\n<p style=\"text-align: justify;\">A Pol\u00edcia Militar, atrav\u00e9s do 1\u00ba Pelot\u00e3o da 1\u00aa Companhia do 1\u00ba Batalh\u00e3o (1\u00ba Pel\/1\u00aa Cia\/1\u00ba BPCom), prendeu na quarta-feira, 27, Edinatan Eduardo de Abreu, 18 anos, acusado de cometer roubos e furtos em povoados e \u00e1rea central do munic\u00edpio de Itaporanga D\u2019Ajuda.<\/p>\n<p style=\"text-align: justify;\">A a\u00e7\u00e3o aconteceu por volta das 12h, quando uma guarni\u00e7\u00e3o composta pelo sargento Marcelo, soldado Rosilv\u00e2nia e soldado Freitas recebeu a informa\u00e7\u00e3o an\u00f4nima de que havia tr\u00eas indiv\u00edduos em situa\u00e7\u00e3o suspeita na rua C, conjunto Manoel Conde Sobral, Centro de Itaporanga.<\/p>\n<p style=\"text-align: justify;\">Os policiais seguiram ao local indicado, efetuaram a pris\u00e3o de Edinatan e apreens\u00e3o de dois adolescentes, respectivamente com 17 e 16 anos, acusados de ato infracional de roubo na regi\u00e3o.<\/p>\n<p style=\"text-align: justify;\"><strong>Passagem pelo Cenam<\/strong><\/p>\n<p style=\"text-align: justify;\">O acusado Edinatan foi apreendido diversas vezes quando era adolescente, mas fugia do Centro de Atendimento ao Menor (Cenam). Agora, j\u00e1 adulto, estava com mandado de pris\u00e3o expedido pelo Judici\u00e1rio de Itaporanga D\u2019Ajuda por diversos delitos. O foi encaminhado \u00e0 Delegacia de Pol\u00edcia Civil de Itaporanga.<\/p>\n<p style=\"text-align: justify;\"><strong>Siga o SE Not\u00edcias pelo <a href=\" https:\/\/twitter.com\/Senoticias\" target=\"_blank\">Twitter<\/a> e curta no <a href=\" https:\/\/www.facebook.com\/PortalSENoticias\" target=\"_blank\">Facebook<\/a><\/strong><\/p>\n<p style=\"text-align: justify;\"><strong><em>Informa\u00e7\u00f5es da PM\/SE<\/em><\/strong><\/p>\n","protected":false},"excerpt":{"rendered":"<p>A Pol\u00edcia Militar, atrav\u00e9s do 1\u00ba Pelot\u00e3o da 1\u00aa Companhia do 1\u00ba Batalh\u00e3o (1\u00ba Pel\/1\u00aa Cia\/1\u00ba BPCom), prendeu na quarta-feira, 27, Edinatan Eduardo de Abreu, 18 anos, acusado de cometer roubos e furtos em povoados e \u00e1rea central do munic\u00edpio de Itaporanga D\u2019Ajuda. A a\u00e7\u00e3o aconteceu por volta das 12h, quando uma guarni\u00e7\u00e3o composta pelo [&hellip;]<\/p>\n","protected":false},"author":1,"featured_media":62010,"comment_status":"closed","ping_status":"closed","sticky":false,"template":"","format":"standard","meta":{"footnotes":""},"categories":[7],"tags":[],"class_list":{"0":"post-62009","1":"post","2":"type-post","3":"status-publish","4":"format-standard","5":"has-post-thumbnail","7":"category-policia"},"_links":{"self":[{"href":"https:\/\/senoticias.com.br\/se\/wp-json\/wp\/v2\/posts\/62009"}],"collection":[{"href":"https:\/\/senoticias.com.br\/se\/wp-json\/wp\/v2\/posts"}],"about":[{"href":"https:\/\/senoticias.com.br\/se\/wp-json\/wp\/v2\/types\/post"}],"author":[{"embeddable":true,"href":"https:\/\/senoticias.com.br\/se\/wp-json\/wp\/v2\/users\/1"}],"replies":[{"embeddable":true,"href":"https:\/\/senoticias.com.br\/se\/wp-json\/wp\/v2\/comments?post=62009"}],"version-history":[{"count":0,"href":"https:\/\/senoticias.com.br\/se\/wp-json\/wp\/v2\/posts\/62009\/revisions"}],"wp:featuredmedia":[{"embeddable":true,"href":"https:\/\/senoticias.com.br\/se\/wp-json\/wp\/v2\/media\/62010"}],"wp:attachment":[{"href":"https:\/\/senoticias.com.br\/se\/wp-json\/wp\/v2\/media?parent=62009"}],"wp:term":[{"taxonomy":"category","embeddable":true,"href":"https:\/\/senoticias.com.br\/se\/wp-json\/wp\/v2\/categories?post=62009"},{"taxonomy":"post_tag","embeddable":true,"href":"https:\/\/senoticias.com.br\/se\/wp-json\/wp\/v2\/tags?post=62009"}],"curies":[{"name":"wp","href":"https:\/\/api.w.org\/{rel}","templated":true}]}}