{"id":62003,"date":"2014-04-01T13:50:58","date_gmt":"2014-04-01T16:50:58","guid":{"rendered":"http:\/\/senoticias.com.br\/se\/?p=62003"},"modified":"2014-04-01T13:50:59","modified_gmt":"2014-04-01T16:50:59","slug":"estudantes-brasileiros-tem-baixo-desempenho-em-avaliacao-internacional-de-logica","status":"publish","type":"post","link":"https:\/\/senoticias.com.br\/se\/estudantes-brasileiros-tem-baixo-desempenho-em-avaliacao-internacional-de-logica\/","title":{"rendered":"Estudantes brasileiros t\u00eam baixo desempenho em avalia\u00e7\u00e3o internacional de l\u00f3gica"},"content":{"rendered":"<div id=\"attachment_62004\" style=\"width: 310px\" class=\"wp-caption alignright\"><a href=\"http:\/\/senoticias.com.br\/se\/wp-content\/uploads\/2014\/04\/903278-prepara\u00e7\u00e3o-especial-para-competi\u00e7\u00f5es-internacionaispeci2014-1.jpg\"><img loading=\"lazy\" decoding=\"async\" aria-describedby=\"caption-attachment-62004\" class=\"size-medium wp-image-62004\" alt=\"Alunos de escolas p\u00fablicas participam de prepara\u00e7\u00e3o especial para competi\u00e7\u00f5es internacionais. (Elza Fiuza\/Ag\u00eancia Brasil)\" src=\"http:\/\/senoticias.com.br\/se\/wp-content\/uploads\/2014\/04\/903278-prepara\u00e7\u00e3o-especial-para-competi\u00e7\u00f5es-internacionaispeci2014-1-300x173.jpg\" width=\"300\" height=\"173\" srcset=\"https:\/\/senoticias.com.br\/se\/wp-content\/uploads\/2014\/04\/903278-prepara\u00e7\u00e3o-especial-para-competi\u00e7\u00f5es-internacionaispeci2014-1-300x173.jpg 300w, https:\/\/senoticias.com.br\/se\/wp-content\/uploads\/2014\/04\/903278-prepara\u00e7\u00e3o-especial-para-competi\u00e7\u00f5es-internacionaispeci2014-1-342x197.jpg 342w, https:\/\/senoticias.com.br\/se\/wp-content\/uploads\/2014\/04\/903278-prepara\u00e7\u00e3o-especial-para-competi\u00e7\u00f5es-internacionaispeci2014-1.jpg 500w\" sizes=\"(max-width: 300px) 100vw, 300px\" \/><\/a><p id=\"caption-attachment-62004\" class=\"wp-caption-text\">Alunos de escolas p\u00fablicas participam de prepara\u00e7\u00e3o especial para competi\u00e7\u00f5es internacionais. (Elza Fiuza\/Ag\u00eancia Brasil)<\/p><\/div>\n<p style=\"text-align: justify;\">A Organiza\u00e7\u00e3o para Coopera\u00e7\u00e3o e Desenvolvimento Econ\u00f4mico (OCDE) divulgou nesta ter\u00e7a-feira (1\u00b0) o resultado do Programa Internacional de Avalia\u00e7\u00e3o de Estudantes (Pisa) que testou a habilidade de estudantes de 15 anos em resolver problemas de racioc\u00ednio l\u00f3gico relacionados a situa\u00e7\u00f5es pr\u00e1ticas do cotidiano. O Brasil ocupa o 38\u00b0 lugar entre os 44 pa\u00edses que tiveram a habilidade de seus estudantes avaliada.<\/p>\n<p style=\"text-align: justify;\">Aplicado a cada tr\u00eas anos e voltado para leitura, ci\u00eancias e matem\u00e1tica, o Pisa avaliou 85 mil estudantes e, pela primeira vez, mediu a capacidade de resolu\u00e7\u00e3o de problemas mais elaborados de l\u00f3gica e racioc\u00ednio. No Brasil, menos de 2% dos estudantes avaliados atingiram a performance m\u00e1xima na solu\u00e7\u00e3o dos problemas. O relat\u00f3rio da OCDE registra que, no pa\u00eds, as meninas tiveram desempenho melhor que o dos meninos e que a situa\u00e7\u00e3o socioeconomica do estudante tamb\u00e9m tem impacto no resultado.<\/p>\n<p>Os pa\u00edses que lideram o ranking da OCDE s\u00e3o Cingapura, Coreia do Sul e Jap\u00e3o. As tr\u00eas \u00faltimas posi\u00e7\u00f5es s\u00e3o ocupadas por Uruguai, Bulg\u00e1ria e Col\u00f4mbia.<\/p>\n<p>Nos testes, os estudantes executaram tarefas em um aparelho MP3, tiveram que usar o controle remoto de um aparelho de ar-condicionado para controlar condi\u00e7\u00f5es de temperatura e umidade e simular a compra de um bilhete de trem em um teclado sens\u00edvel ao toque.<\/p>\n<p>Em dezembro do ano passado a OCDE havia divulgado resultados do Pisa 2012 que mostram que, entre os 65 pa\u00edses comparados, o Brasil ficou em 58\u00ba lugar no desempenho dos estudantes nas tr\u00eas \u00e1reas de conhecimento avaliadas.<\/p>\n<p style=\"text-align: justify;\">\n<p style=\"text-align: justify;\"><em>Fonte: Ag\u00eancia Brasil\u00a0<\/em><\/p>\n<p style=\"text-align: justify;\"><strong>Siga o SE Not\u00edcias pelo <a href=\"https:\/\/twitter.com\/Senoticias\" target=\"_blank\">Twitter<\/a> e curta pelo <a href=\"https:\/\/www.facebook.com\/PortalSENoticias\" target=\"_blank\">Facebook\u00a0<\/a><\/strong><\/p>\n","protected":false},"excerpt":{"rendered":"<p>A Organiza\u00e7\u00e3o para Coopera\u00e7\u00e3o e Desenvolvimento Econ\u00f4mico (OCDE) divulgou nesta ter\u00e7a-feira (1\u00b0) o resultado do Programa Internacional de Avalia\u00e7\u00e3o de Estudantes (Pisa) que testou a habilidade de estudantes de 15 anos em resolver problemas de racioc\u00ednio l\u00f3gico relacionados a situa\u00e7\u00f5es pr\u00e1ticas do cotidiano. O Brasil ocupa o 38\u00b0 lugar entre os 44 pa\u00edses que tiveram [&hellip;]<\/p>\n","protected":false},"author":1,"featured_media":62004,"comment_status":"closed","ping_status":"closed","sticky":false,"template":"","format":"standard","meta":{"footnotes":""},"categories":[44],"tags":[],"class_list":{"0":"post-62003","1":"post","2":"type-post","3":"status-publish","4":"format-standard","5":"has-post-thumbnail","7":"category-educacao"},"_links":{"self":[{"href":"https:\/\/senoticias.com.br\/se\/wp-json\/wp\/v2\/posts\/62003"}],"collection":[{"href":"https:\/\/senoticias.com.br\/se\/wp-json\/wp\/v2\/posts"}],"about":[{"href":"https:\/\/senoticias.com.br\/se\/wp-json\/wp\/v2\/types\/post"}],"author":[{"embeddable":true,"href":"https:\/\/senoticias.com.br\/se\/wp-json\/wp\/v2\/users\/1"}],"replies":[{"embeddable":true,"href":"https:\/\/senoticias.com.br\/se\/wp-json\/wp\/v2\/comments?post=62003"}],"version-history":[{"count":0,"href":"https:\/\/senoticias.com.br\/se\/wp-json\/wp\/v2\/posts\/62003\/revisions"}],"wp:featuredmedia":[{"embeddable":true,"href":"https:\/\/senoticias.com.br\/se\/wp-json\/wp\/v2\/media\/62004"}],"wp:attachment":[{"href":"https:\/\/senoticias.com.br\/se\/wp-json\/wp\/v2\/media?parent=62003"}],"wp:term":[{"taxonomy":"category","embeddable":true,"href":"https:\/\/senoticias.com.br\/se\/wp-json\/wp\/v2\/categories?post=62003"},{"taxonomy":"post_tag","embeddable":true,"href":"https:\/\/senoticias.com.br\/se\/wp-json\/wp\/v2\/tags?post=62003"}],"curies":[{"name":"wp","href":"https:\/\/api.w.org\/{rel}","templated":true}]}}