{"id":61983,"date":"2014-04-01T18:13:40","date_gmt":"2014-04-01T21:13:40","guid":{"rendered":"http:\/\/senoticias.com.br\/se\/?p=61983"},"modified":"2014-04-02T12:19:12","modified_gmt":"2014-04-02T15:19:12","slug":"sergipe-tem-novo-procurador-regional-eleitoral","status":"publish","type":"post","link":"https:\/\/senoticias.com.br\/se\/sergipe-tem-novo-procurador-regional-eleitoral\/","title":{"rendered":"Sergipe tem novo procurador regional eleitoral"},"content":{"rendered":"<p>&nbsp;<\/p>\n<div id=\"attachment_62007\" style=\"width: 310px\" class=\"wp-caption alignright\"><a href=\"http:\/\/senoticias.com.br\/se\/wp-content\/uploads\/2014\/04\/13566292243_ff138ce77d.jpg\"><img loading=\"lazy\" decoding=\"async\" aria-describedby=\"caption-attachment-62007\" class=\"size-medium wp-image-62007\" alt=\"R\u00f4mulo Almeida participou ontem se sua primeira sess\u00e3o no TRE\/SE como procurador regional eleitoral em Sergipe. (Divulga\u00e7\u00e3o\/PRF\/SE)\" src=\"http:\/\/senoticias.com.br\/se\/wp-content\/uploads\/2014\/04\/13566292243_ff138ce77d-300x218.jpg\" width=\"300\" height=\"218\" srcset=\"https:\/\/senoticias.com.br\/se\/wp-content\/uploads\/2014\/04\/13566292243_ff138ce77d-300x218.jpg 300w, https:\/\/senoticias.com.br\/se\/wp-content\/uploads\/2014\/04\/13566292243_ff138ce77d-342x248.jpg 342w, https:\/\/senoticias.com.br\/se\/wp-content\/uploads\/2014\/04\/13566292243_ff138ce77d-60x45.jpg 60w, https:\/\/senoticias.com.br\/se\/wp-content\/uploads\/2014\/04\/13566292243_ff138ce77d-90x65.jpg 90w, https:\/\/senoticias.com.br\/se\/wp-content\/uploads\/2014\/04\/13566292243_ff138ce77d.jpg 500w\" sizes=\"(max-width: 300px) 100vw, 300px\" \/><\/a><p id=\"caption-attachment-62007\" class=\"wp-caption-text\">R\u00f4mulo Almeida participou ontem se sua primeira sess\u00e3o no TRE\/SE como procurador regional eleitoral em Sergipe. (Divulga\u00e7\u00e3o\/PRF\/SE)<\/p><\/div>\n<p style=\"text-align: justify;\">R\u00f4mulo Almeida participou ontem se sua primeira sess\u00e3o no TRE\/SE como procurador regional eleitoral em Sergipe, substituindo a procuradora L\u00edvia Nascimento Tin\u00f4co<\/p>\n<p style=\"text-align: justify;\">O Minist\u00e9rio P\u00fablico Eleitoral (MP Eleitoral) em Sergipe tem novo procurador regional eleitoral (PRE). R\u00f4mulo Almeida participou nesta segunda-feira, 31 de mar\u00e7o, de sua primeira sess\u00e3o no Tribunal Regional Eleitoral de Sergipe (TRE\/SE). Ele assume no lugar da procuradora da Rep\u00fablica L\u00edvia Nascimento Tin\u00f4co e ir\u00e1 chefiar o MP Eleitoral pelos pr\u00f3ximos dois anos.<\/p>\n<p style=\"text-align: justify;\">R\u00f4mulo Almeida ser\u00e1 respons\u00e1vel pela coordena\u00e7\u00e3o, em Sergipe, das Elei\u00e7\u00f5es Gerais de outubro. No pleito, a Procuradoria Regional Eleitoral contar\u00e1 com tr\u00eas procuradores auxiliares; Eunice Dantas Carvalho, que \u00e9 a procuradora regional eleitoral substituta, L\u00edvia Nascimento Tin\u00f4co e Heitor Soares.<\/p>\n<p style=\"text-align: justify;\">O novo PRE explicou os objetivos do MP Eleitoral em 2014. \u201cNum primeiro momento, at\u00e9 a fase de registro de candidaturas, teremos foco em coibir a propaganda irregular. Na fase do registro de candidaturas, o objetivo \u00e9 fazer valer a Lei da Ficha Limpa e durante todo o per\u00edodo eleitoral, vamos coibir os abusos de poder econ\u00f4mico, pol\u00edtico e dos meios de comunica\u00e7\u00e3o\u201d, destacou.<\/p>\n<p style=\"text-align: justify;\">\u201cAtravessamos um per\u00edodo de polariza\u00e7\u00e3o pol\u00edtica, altera\u00e7\u00f5es na legisla\u00e7\u00e3o eleitoral e maiores reivindica\u00e7\u00f5es da popula\u00e7\u00e3o, o que refor\u00e7a a imensa responsabilidade do MP e da Justi\u00e7a Eleitoral para garantir elei\u00e7\u00f5es limpas\u201d, completou.<\/p>\n<p style=\"text-align: justify;\"><strong>Atua\u00e7\u00e3o &#8211;<\/strong> Procurador da Rep\u00fablica desde 2005, R\u00f4mulo Almeida j\u00e1 atuou nas unidades do MPF no Par\u00e1, onde fez parte do Conselho Penitenci\u00e1rio; em Goi\u00e1s, onde atuou na \u00e1rea criminal e em Alagoas, onde assumiu a Procuradoria Regional dos Direitos do Cidad\u00e3o. Em Sergipe desde 2009, foi procurador eleitoral auxiliar nas elei\u00e7\u00f5es de 2010 e 2012, e procurador regional eleitoral substituto nos \u00faltimos dois anos, al\u00e9m de coordenar a \u00e1rea da Tutela Coletiva no MPF\/SE, atuando na \u00e1rea c\u00edvel e ambiental.<\/p>\n<p style=\"text-align: justify;\"><strong>Despedida \u2013<\/strong> Na \u00faltima quinta-feira, 27 de mar\u00e7o, L\u00edvia Nascimento Tin\u00f4co participou de sua \u00faltima sess\u00e3o do TRE\/SE como procuradora regional eleitoral. Na ocasi\u00e3o, a procuradora destacou o desafio de ter assumido a fun\u00e7\u00e3o eleitoral no primeiro ano de aplica\u00e7\u00e3o da Lei da Ficha Limpa. \u201cMeu principal compromisso com a sociedade sergipana foi o de dar aplicabilidade a essa lei e atuar firmemente para expurgar do processo eleitoral os candidatos de hist\u00f3rico incompat\u00edvel com a lisura que o povo esperava de seus representantes\u201d, destacou.<\/p>\n<p style=\"text-align: justify;\">A procuradora afirmou ainda se despedir com a certeza de que contribuiu com o TRE\/SE para o fortalecimento da Lei da Ficha Limpa. \u201cAtingimos um alto grau de confian\u00e7a e ades\u00e3o do tribunal aos pareceres da Procuradoria Regional Eleitoral. Segundo nosso levantamento, em 85% dos julgamentos a corte acompanhou os posicionamentos do Minist\u00e9rio P\u00falico\u201d, concluiu.<\/p>\n<p style=\"text-align: justify;\"><strong>Siga o SE Not\u00edcias pelo <a href=\" https:\/\/twitter.com\/Senoticias\" target=\"_blank\">Twitter<\/a> e curta no<a href=\"  https:\/\/www.facebook.com\/PortalSENoticias\" target=\"_blank\"> Facebook<\/a><\/strong><\/p>\n<p style=\"text-align: justify;\"><strong>Assessoria de Comunica\u00e7\u00e3o<\/strong><br \/>\n<strong>Minist\u00e9rio P\u00fablico Federal em Sergipe<\/strong><\/p>\n","protected":false},"excerpt":{"rendered":"<p>&nbsp; R\u00f4mulo Almeida participou ontem se sua primeira sess\u00e3o no TRE\/SE como procurador regional eleitoral em Sergipe, substituindo a procuradora L\u00edvia Nascimento Tin\u00f4co O Minist\u00e9rio P\u00fablico Eleitoral (MP Eleitoral) em Sergipe tem novo procurador regional eleitoral (PRE). R\u00f4mulo Almeida participou nesta segunda-feira, 31 de mar\u00e7o, de sua primeira sess\u00e3o no Tribunal Regional Eleitoral de Sergipe [&hellip;]<\/p>\n","protected":false},"author":1,"featured_media":62007,"comment_status":"closed","ping_status":"closed","sticky":false,"template":"","format":"standard","meta":{"footnotes":""},"categories":[310,6],"tags":[],"class_list":{"0":"post-61983","1":"post","2":"type-post","3":"status-publish","4":"format-standard","5":"has-post-thumbnail","7":"category-destaques-da-semana","8":"category-politica"},"_links":{"self":[{"href":"https:\/\/senoticias.com.br\/se\/wp-json\/wp\/v2\/posts\/61983"}],"collection":[{"href":"https:\/\/senoticias.com.br\/se\/wp-json\/wp\/v2\/posts"}],"about":[{"href":"https:\/\/senoticias.com.br\/se\/wp-json\/wp\/v2\/types\/post"}],"author":[{"embeddable":true,"href":"https:\/\/senoticias.com.br\/se\/wp-json\/wp\/v2\/users\/1"}],"replies":[{"embeddable":true,"href":"https:\/\/senoticias.com.br\/se\/wp-json\/wp\/v2\/comments?post=61983"}],"version-history":[{"count":0,"href":"https:\/\/senoticias.com.br\/se\/wp-json\/wp\/v2\/posts\/61983\/revisions"}],"wp:featuredmedia":[{"embeddable":true,"href":"https:\/\/senoticias.com.br\/se\/wp-json\/wp\/v2\/media\/62007"}],"wp:attachment":[{"href":"https:\/\/senoticias.com.br\/se\/wp-json\/wp\/v2\/media?parent=61983"}],"wp:term":[{"taxonomy":"category","embeddable":true,"href":"https:\/\/senoticias.com.br\/se\/wp-json\/wp\/v2\/categories?post=61983"},{"taxonomy":"post_tag","embeddable":true,"href":"https:\/\/senoticias.com.br\/se\/wp-json\/wp\/v2\/tags?post=61983"}],"curies":[{"name":"wp","href":"https:\/\/api.w.org\/{rel}","templated":true}]}}