{"id":61920,"date":"2014-03-31T12:53:25","date_gmt":"2014-03-31T15:53:25","guid":{"rendered":"http:\/\/senoticias.com.br\/se\/?p=61920"},"modified":"2014-03-31T13:56:35","modified_gmt":"2014-03-31T16:56:35","slug":"reajuste-no-preco-dos-medicamentos-passa-a-valer-a-partir-de-hoje","status":"publish","type":"post","link":"https:\/\/senoticias.com.br\/se\/reajuste-no-preco-dos-medicamentos-passa-a-valer-a-partir-de-hoje\/","title":{"rendered":"Reajuste no pre\u00e7o dos medicamentos passa a valer a partir de hoje"},"content":{"rendered":"<div id=\"attachment_61921\" style=\"width: 287px\" class=\"wp-caption alignright\"><a href=\"http:\/\/senoticias.com.br\/se\/wp-content\/uploads\/2014\/03\/medicamentos.jpg\"><img loading=\"lazy\" decoding=\"async\" aria-describedby=\"caption-attachment-61921\" class=\"size-full wp-image-61921\" alt=\"Ind\u00fastrias farmac\u00eauticas e distribuidoras podem, a partir de hoje (31), adotar o reajuste de at\u00e9 5,68% nos pre\u00e7os de medicamentos regulados pelo governoArquivo\/Ag\u00eancia Brasil\" src=\"http:\/\/senoticias.com.br\/se\/wp-content\/uploads\/2014\/03\/medicamentos.jpg\" width=\"277\" height=\"160\" \/><\/a><p id=\"caption-attachment-61921\" class=\"wp-caption-text\">Ind\u00fastrias farmac\u00eauticas e distribuidoras podem, a partir de hoje (31), adotar o reajuste de at\u00e9 5,68% nos pre\u00e7os de medicamentos regulados pelo governo.Arquivo\/Ag\u00eancia Brasil<\/p><\/div>\n<p style=\"text-align: justify;\">Ind\u00fastrias farmac\u00eauticas e distribuidoras podem, a partir de hoje (31), adotar o reajuste de at\u00e9 5,68% nos pre\u00e7os de medicamentos regulados pelo governo. A resolu\u00e7\u00e3o da C\u00e2mara de Regula\u00e7\u00e3o de Medicamentos (Cmed) que autoriza o reajuste foi publicada na \u00faltima quinta-feira (27) no Di\u00e1rio Oficial da Uni\u00e3o.<\/p>\n<p style=\"text-align: justify;\">De acordo com o Minist\u00e9rio da Sa\u00fade, a regula\u00e7\u00e3o \u00e9 v\u00e1lida para mais de 9 mil medicamentos, sendo que mais de 40% deles est\u00e3o na categoria n\u00edvel tr\u00eas \u2013 de menor concorr\u00eancia, cujas f\u00e1bricas s\u00f3 poder\u00e3o ajustar o pre\u00e7o teto em 1,02%.<\/p>\n<p style=\"text-align: justify;\">\u201cO ajuste autorizado pode alterar o pre\u00e7o m\u00e1ximo de f\u00e1brica, por\u00e9m n\u00e3o impacta diretamente no valor pago pelo consumidor, uma vez que muitas empresas adotam descontos na comercializa\u00e7\u00e3o dos produtos\u201d, informou a pasta.<\/p>\n<p style=\"text-align: justify;\">A Cmed fixa o valor do reajuste anualmente, com base em crit\u00e9rios t\u00e9cnicos definidos na Lei 10.742 de 2003. S\u00e3o considerados no c\u00e1lculo a infla\u00e7\u00e3o do per\u00edodo (de mar\u00e7o de 2013 at\u00e9 fevereiro de 2014), produtividade da ind\u00fastria, varia\u00e7\u00e3o de custos dos insumos e concorr\u00eancia dentro do setor.<\/p>\n<p><strong>Siga o SE Not\u00edcias pelo <a href=\" https:\/\/twitter.com\/Senoticias\" target=\"_blank\">Twitter<\/a> e curta no <a href=\" https:\/\/www.facebook.com\/PortalSENoticias\" target=\"_blank\">Facebook<\/a><\/strong><\/p>\n<p style=\"text-align: justify;\"><strong><em>Ag\u00eancia Brasil<\/em><\/strong><\/p>\n","protected":false},"excerpt":{"rendered":"<p>Ind\u00fastrias farmac\u00eauticas e distribuidoras podem, a partir de hoje (31), adotar o reajuste de at\u00e9 5,68% nos pre\u00e7os de medicamentos regulados pelo governo. A resolu\u00e7\u00e3o da C\u00e2mara de Regula\u00e7\u00e3o de Medicamentos (Cmed) que autoriza o reajuste foi publicada na \u00faltima quinta-feira (27) no Di\u00e1rio Oficial da Uni\u00e3o. De acordo com o Minist\u00e9rio da Sa\u00fade, a [&hellip;]<\/p>\n","protected":false},"author":3,"featured_media":61921,"comment_status":"closed","ping_status":"closed","sticky":false,"template":"","format":"standard","meta":{"footnotes":""},"categories":[6],"tags":[],"class_list":{"0":"post-61920","1":"post","2":"type-post","3":"status-publish","4":"format-standard","5":"has-post-thumbnail","7":"category-politica"},"_links":{"self":[{"href":"https:\/\/senoticias.com.br\/se\/wp-json\/wp\/v2\/posts\/61920"}],"collection":[{"href":"https:\/\/senoticias.com.br\/se\/wp-json\/wp\/v2\/posts"}],"about":[{"href":"https:\/\/senoticias.com.br\/se\/wp-json\/wp\/v2\/types\/post"}],"author":[{"embeddable":true,"href":"https:\/\/senoticias.com.br\/se\/wp-json\/wp\/v2\/users\/3"}],"replies":[{"embeddable":true,"href":"https:\/\/senoticias.com.br\/se\/wp-json\/wp\/v2\/comments?post=61920"}],"version-history":[{"count":0,"href":"https:\/\/senoticias.com.br\/se\/wp-json\/wp\/v2\/posts\/61920\/revisions"}],"wp:featuredmedia":[{"embeddable":true,"href":"https:\/\/senoticias.com.br\/se\/wp-json\/wp\/v2\/media\/61921"}],"wp:attachment":[{"href":"https:\/\/senoticias.com.br\/se\/wp-json\/wp\/v2\/media?parent=61920"}],"wp:term":[{"taxonomy":"category","embeddable":true,"href":"https:\/\/senoticias.com.br\/se\/wp-json\/wp\/v2\/categories?post=61920"},{"taxonomy":"post_tag","embeddable":true,"href":"https:\/\/senoticias.com.br\/se\/wp-json\/wp\/v2\/tags?post=61920"}],"curies":[{"name":"wp","href":"https:\/\/api.w.org\/{rel}","templated":true}]}}