{"id":61917,"date":"2014-03-31T13:22:29","date_gmt":"2014-03-31T16:22:29","guid":{"rendered":"http:\/\/senoticias.com.br\/se\/?p=61917"},"modified":"2014-03-31T13:25:46","modified_gmt":"2014-03-31T16:25:46","slug":"corpo-e-encontrado-em-casa-abandonada-na-zona-oeste-de-aracaju","status":"publish","type":"post","link":"https:\/\/senoticias.com.br\/se\/corpo-e-encontrado-em-casa-abandonada-na-zona-oeste-de-aracaju\/","title":{"rendered":"Corpo \u00e9 encontrado em casa abandonada na Zona Oeste de Aracaju"},"content":{"rendered":"<p style=\"text-align: justify;\"><em><strong>Do G1 SE<\/strong><\/em><\/p>\n<div id=\"attachment_61918\" style=\"width: 310px\" class=\"wp-caption alignright\"><a href=\"http:\/\/senoticias.com.br\/se\/wp-content\/uploads\/2014\/03\/corpo_casaabandonada.jpg\"><img loading=\"lazy\" decoding=\"async\" aria-describedby=\"caption-attachment-61918\" class=\"size-full wp-image-61918\" alt=\"Corpo foi encontrado na manh\u00e3 desta segunda  (Foto: Magna Santana\/Arquivo Pessoal)\" src=\"http:\/\/senoticias.com.br\/se\/wp-content\/uploads\/2014\/03\/corpo_casaabandonada.jpg\" width=\"300\" height=\"225\" srcset=\"https:\/\/senoticias.com.br\/se\/wp-content\/uploads\/2014\/03\/corpo_casaabandonada.jpg 300w, https:\/\/senoticias.com.br\/se\/wp-content\/uploads\/2014\/03\/corpo_casaabandonada-60x45.jpg 60w, https:\/\/senoticias.com.br\/se\/wp-content\/uploads\/2014\/03\/corpo_casaabandonada-150x113.jpg 150w, https:\/\/senoticias.com.br\/se\/wp-content\/uploads\/2014\/03\/corpo_casaabandonada-269x201.jpg 269w\" sizes=\"(max-width: 300px) 100vw, 300px\" \/><\/a><p id=\"caption-attachment-61918\" class=\"wp-caption-text\">Corpo foi encontrado na manh\u00e3 desta segunda<br \/>(Foto: Magna Santana\/Arquivo Pessoal)<\/p><\/div>\n<p style=\"text-align: justify;\">O corpo de um homem foi encontrado no in\u00edcio da manh\u00e3 desta segunda-feira (31), em uma casa abandonada no Conjunto Lourival Baptista, no Bairro Am\u00e9rica, Zona Oeste de Aracaju (SE). Segundo informa\u00e7\u00f5es preliminares levantadas pela pol\u00edcia, a v\u00edtima teria sido morta a pauladas durante a madrugada.<\/p>\n<p style=\"text-align: justify;\">Um policial militar foi o primeiro a chegar ao local por volta das 7h30 da manh\u00e3. Equipes do Departamento de Homic\u00eddios e Prote\u00e7\u00e3o \u00e0 Pessoa, bem como peritos do Departamento de Criminal\u00edstica foram acionados.<\/p>\n<p><strong>Siga o SE Not\u00edcias pelo <a href=\"https:\/\/twitter.com\/Senoticias\" target=\"_blank\">Twitter <\/a>e curta no <a href=\" https:\/\/www.facebook.com\/PortalSENoticias\" target=\"_blank\">Facebook<\/a><\/strong><\/p>\n","protected":false},"excerpt":{"rendered":"<p>Do G1 SE O corpo de um homem foi encontrado no in\u00edcio da manh\u00e3 desta segunda-feira (31), em uma casa abandonada no Conjunto Lourival Baptista, no Bairro Am\u00e9rica, Zona Oeste de Aracaju (SE). Segundo informa\u00e7\u00f5es preliminares levantadas pela pol\u00edcia, a v\u00edtima teria sido morta a pauladas durante a madrugada. Um policial militar foi o primeiro [&hellip;]<\/p>\n","protected":false},"author":1,"featured_media":61918,"comment_status":"closed","ping_status":"closed","sticky":false,"template":"","format":"standard","meta":{"footnotes":""},"categories":[7],"tags":[],"class_list":{"0":"post-61917","1":"post","2":"type-post","3":"status-publish","4":"format-standard","5":"has-post-thumbnail","7":"category-policia"},"_links":{"self":[{"href":"https:\/\/senoticias.com.br\/se\/wp-json\/wp\/v2\/posts\/61917"}],"collection":[{"href":"https:\/\/senoticias.com.br\/se\/wp-json\/wp\/v2\/posts"}],"about":[{"href":"https:\/\/senoticias.com.br\/se\/wp-json\/wp\/v2\/types\/post"}],"author":[{"embeddable":true,"href":"https:\/\/senoticias.com.br\/se\/wp-json\/wp\/v2\/users\/1"}],"replies":[{"embeddable":true,"href":"https:\/\/senoticias.com.br\/se\/wp-json\/wp\/v2\/comments?post=61917"}],"version-history":[{"count":0,"href":"https:\/\/senoticias.com.br\/se\/wp-json\/wp\/v2\/posts\/61917\/revisions"}],"wp:featuredmedia":[{"embeddable":true,"href":"https:\/\/senoticias.com.br\/se\/wp-json\/wp\/v2\/media\/61918"}],"wp:attachment":[{"href":"https:\/\/senoticias.com.br\/se\/wp-json\/wp\/v2\/media?parent=61917"}],"wp:term":[{"taxonomy":"category","embeddable":true,"href":"https:\/\/senoticias.com.br\/se\/wp-json\/wp\/v2\/categories?post=61917"},{"taxonomy":"post_tag","embeddable":true,"href":"https:\/\/senoticias.com.br\/se\/wp-json\/wp\/v2\/tags?post=61917"}],"curies":[{"name":"wp","href":"https:\/\/api.w.org\/{rel}","templated":true}]}}