{"id":61914,"date":"2014-03-31T11:35:28","date_gmt":"2014-03-31T14:35:28","guid":{"rendered":"http:\/\/senoticias.com.br\/se\/?p=61914"},"modified":"2014-04-01T19:02:25","modified_gmt":"2014-04-01T22:02:25","slug":"prf-apreende-cerca-de-75-kg-de-substancia-analoga-a-maconha","status":"publish","type":"post","link":"https:\/\/senoticias.com.br\/se\/prf-apreende-cerca-de-75-kg-de-substancia-analoga-a-maconha\/","title":{"rendered":"PRF apreende cerca de 7,5 kg de subst\u00e2ncia an\u00e1loga a maconha"},"content":{"rendered":"<p>&nbsp;<\/p>\n<div id=\"attachment_61915\" style=\"width: 310px\" class=\"wp-caption alignright\"><a href=\"http:\/\/senoticias.com.br\/se\/wp-content\/uploads\/2014\/03\/PRF-SE-PRF-apreende-cerca-de-75-kg-de-substancia-anal\u00f3ga-a-maconha-30mar14.jpg\"><img loading=\"lazy\" decoding=\"async\" aria-describedby=\"caption-attachment-61915\" class=\"size-medium wp-image-61915\" alt=\"Passageiro de t\u00e1xi foi detido com maconha e coca\u00edna pela PRF. (Ascom\/PRF)\" src=\"http:\/\/senoticias.com.br\/se\/wp-content\/uploads\/2014\/03\/PRF-SE-PRF-apreende-cerca-de-75-kg-de-substancia-anal\u00f3ga-a-maconha-30mar14-300x264.jpg\" width=\"300\" height=\"264\" srcset=\"https:\/\/senoticias.com.br\/se\/wp-content\/uploads\/2014\/03\/PRF-SE-PRF-apreende-cerca-de-75-kg-de-substancia-anal\u00f3ga-a-maconha-30mar14-300x264.jpg 300w, https:\/\/senoticias.com.br\/se\/wp-content\/uploads\/2014\/03\/PRF-SE-PRF-apreende-cerca-de-75-kg-de-substancia-anal\u00f3ga-a-maconha-30mar14-342x301.jpg 342w, https:\/\/senoticias.com.br\/se\/wp-content\/uploads\/2014\/03\/PRF-SE-PRF-apreende-cerca-de-75-kg-de-substancia-anal\u00f3ga-a-maconha-30mar14.jpg 520w\" sizes=\"(max-width: 300px) 100vw, 300px\" \/><\/a><p id=\"caption-attachment-61915\" class=\"wp-caption-text\">Passageiro de t\u00e1xi foi detido com maconha e coca\u00edna pela PRF. (Ascom\/PRF)<\/p><\/div>\n<p style=\"text-align: justify;\">Durante a\u00e7\u00e3o de fiscaliza\u00e7\u00e3o na noite de ontem (30), no munic\u00edpio de Cristin\u00e1polis (SE), Policiais Rodovi\u00e1rios Federais apreenderam cerca de 7,5 kg de subst\u00e2ncia an\u00e1loga a maconha. Os agentes federais faziam o trabalho de fiscaliza\u00e7\u00e3o quando deram ordem de parada a um ve\u00edculo GM\/Classic, com placas da Bahia. Durante abordagem, os policiais encontraram duas sacolas que estavam sobre o banco traseiro, entre dois passageiros, contendo o material. Um dos ocupantes assumiu a posse do produto, que teria partido de Rio Real (BA) com destino a Aracaju (SE). Pelo servi\u00e7o, ele receberia a quantia de R$ 300. A ocorr\u00eancia foi encaminhada \u00e0 Delegacia de Pol\u00edcia Federal na capital.<\/p>\n<p style=\"text-align: justify;\"><strong>Passageiro de t\u00e1xi \u00e9 detido com maconha e coca\u00edna pela PRF.<\/strong><\/p>\n<p style=\"text-align: justify;\">Policiais Rodovi\u00e1rios Federais detiveram na manh\u00e3 de sexta-feira (28), no munic\u00edpio de S\u00e3o Cristov\u00e3o (SE), um homem suspeito de porte de entorpecente. Os agentes federais faziam o trabalho de fiscaliza\u00e7\u00e3o quando deram ordem de parada a um t\u00e1xi Fiat\/Palio Weekend, com placas de Sergipe. Durante abordagem, os policiais encontraram com um dos passageiros, de 19 anos, 50g de maconha e 10 gramas de coca\u00edna. Ele foi detido e encaminhado \u00e0 Delegacia de Pol\u00edcia Civil daquele munic\u00edpio.<\/p>\n<p style=\"text-align: justify;\"><strong>PRF apreende p\u00e1ssaros silvestres na BR 101.<\/strong><\/p>\n<p style=\"text-align: justify;\">Policiais Rodovi\u00e1rios Federais apreenderam na manh\u00e3 de sexta-feira (28), no munic\u00edpio de S\u00e3o Cristov\u00e3o (SE), sete p\u00e1ssaros silvestres. Os agentes federais faziam o trabalho de fiscaliza\u00e7\u00e3o, quando deram ordem de parada a um ve\u00edculo Ford\/Fiesta, com placas de S\u00e3o Paulo. Durante a abordagem, encontraram em posse do passageiro, de 34 anos, sete p\u00e1ssaros silvestres distribu\u00eddos em duas gaiolas. A ocorr\u00eancia foi encaminhada ao Instituto Brasileiro do Meio Ambiente e dos Recursos Naturais Renov\u00e1veis (IBAMA).<\/p>\n<p><strong>\u00a0Siga o SE Not\u00edcias pelo <a href=\" https:\/\/twitter.com\/Senoticias\" target=\"_blank\">Twitter <\/a>e curta no <a href=\" https:\/\/www.facebook.com\/PortalSENoticias\" target=\"_blank\">Facebook<\/a><\/strong><\/p>\n<p style=\"text-align: justify;\"><em><strong>20\u00aa Superintend\u00eancia de Pol\u00edcia Rodovi\u00e1ria Federal<\/strong><\/em><br \/>\n<em><strong>N\u00facleo de Comunica\u00e7\u00e3o Social<\/strong><\/em><\/p>\n","protected":false},"excerpt":{"rendered":"<p>&nbsp; Durante a\u00e7\u00e3o de fiscaliza\u00e7\u00e3o na noite de ontem (30), no munic\u00edpio de Cristin\u00e1polis (SE), Policiais Rodovi\u00e1rios Federais apreenderam cerca de 7,5 kg de subst\u00e2ncia an\u00e1loga a maconha. Os agentes federais faziam o trabalho de fiscaliza\u00e7\u00e3o quando deram ordem de parada a um ve\u00edculo GM\/Classic, com placas da Bahia. Durante abordagem, os policiais encontraram duas [&hellip;]<\/p>\n","protected":false},"author":1,"featured_media":61915,"comment_status":"closed","ping_status":"closed","sticky":false,"template":"","format":"standard","meta":{"footnotes":""},"categories":[7],"tags":[],"class_list":{"0":"post-61914","1":"post","2":"type-post","3":"status-publish","4":"format-standard","5":"has-post-thumbnail","7":"category-policia"},"_links":{"self":[{"href":"https:\/\/senoticias.com.br\/se\/wp-json\/wp\/v2\/posts\/61914"}],"collection":[{"href":"https:\/\/senoticias.com.br\/se\/wp-json\/wp\/v2\/posts"}],"about":[{"href":"https:\/\/senoticias.com.br\/se\/wp-json\/wp\/v2\/types\/post"}],"author":[{"embeddable":true,"href":"https:\/\/senoticias.com.br\/se\/wp-json\/wp\/v2\/users\/1"}],"replies":[{"embeddable":true,"href":"https:\/\/senoticias.com.br\/se\/wp-json\/wp\/v2\/comments?post=61914"}],"version-history":[{"count":0,"href":"https:\/\/senoticias.com.br\/se\/wp-json\/wp\/v2\/posts\/61914\/revisions"}],"wp:featuredmedia":[{"embeddable":true,"href":"https:\/\/senoticias.com.br\/se\/wp-json\/wp\/v2\/media\/61915"}],"wp:attachment":[{"href":"https:\/\/senoticias.com.br\/se\/wp-json\/wp\/v2\/media?parent=61914"}],"wp:term":[{"taxonomy":"category","embeddable":true,"href":"https:\/\/senoticias.com.br\/se\/wp-json\/wp\/v2\/categories?post=61914"},{"taxonomy":"post_tag","embeddable":true,"href":"https:\/\/senoticias.com.br\/se\/wp-json\/wp\/v2\/tags?post=61914"}],"curies":[{"name":"wp","href":"https:\/\/api.w.org\/{rel}","templated":true}]}}