{"id":61910,"date":"2014-03-31T10:22:01","date_gmt":"2014-03-31T13:22:01","guid":{"rendered":"http:\/\/senoticias.com.br\/se\/?p=61910"},"modified":"2014-03-31T10:22:01","modified_gmt":"2014-03-31T13:22:01","slug":"cabeleireiro-e-espancado-ate-a-morte-em-aracaju","status":"publish","type":"post","link":"https:\/\/senoticias.com.br\/se\/cabeleireiro-e-espancado-ate-a-morte-em-aracaju\/","title":{"rendered":"Cabeleireiro \u00e9 espancado at\u00e9 a morte em Aracaju"},"content":{"rendered":"<div id=\"attachment_49681\" style=\"width: 310px\" class=\"wp-caption alignright\"><a href=\"http:\/\/senoticias.com.br\/se\/wp-content\/uploads\/2013\/06\/iml.jpg\"><img loading=\"lazy\" decoding=\"async\" aria-describedby=\"caption-attachment-49681\" class=\"size-medium wp-image-49681\" alt=\"Ainda n\u00e3o se sabe quem poderia ter cometido o crime. (Reprodu\u00e7\u00e3o)\" src=\"http:\/\/senoticias.com.br\/se\/wp-content\/uploads\/2013\/06\/iml-300x225.jpg\" width=\"300\" height=\"225\" srcset=\"https:\/\/senoticias.com.br\/se\/wp-content\/uploads\/2013\/06\/iml-300x225.jpg 300w, https:\/\/senoticias.com.br\/se\/wp-content\/uploads\/2013\/06\/iml-342x256.jpg 342w, https:\/\/senoticias.com.br\/se\/wp-content\/uploads\/2013\/06\/iml-60x45.jpg 60w, https:\/\/senoticias.com.br\/se\/wp-content\/uploads\/2013\/06\/iml-150x113.jpg 150w, https:\/\/senoticias.com.br\/se\/wp-content\/uploads\/2013\/06\/iml-269x201.jpg 269w, https:\/\/senoticias.com.br\/se\/wp-content\/uploads\/2013\/06\/iml.jpg 346w\" sizes=\"(max-width: 300px) 100vw, 300px\" \/><\/a><p id=\"caption-attachment-49681\" class=\"wp-caption-text\">Ainda n\u00e3o se sabe quem poderia ter cometido o crime. (Reprodu\u00e7\u00e3o)<\/p><\/div>\n<p style=\"text-align: justify;\">Aos 41 anos e pai de 10 filhos, Jos\u00e9 Mecenas morreu neste domingo (30) depois que foi brutalmente espancado no bairro Soledade, na capital sergipana. Os suspeitos do crime ainda n\u00e3o foram identificados.<\/p>\n<p style=\"text-align: justify;\">Foi por volta das 00h quando Jos\u00e9 saiu de casa para comprar leite para os filhos. De acordo com informa\u00e7\u00f5es, ele foi espancado por desconhecidos e teve traumatismo craniano.<\/p>\n<p style=\"text-align: justify;\">A pol\u00edcia investiga o caso que, at\u00e9 o momento, n\u00e3o apresentou poss\u00edveis motivos para ter ocorrido.<\/p>\n<p><strong>Siga o SE Not\u00edcias pelo <a href=\" https:\/\/twitter.com\/Senoticias\" target=\"_blank\">Twitter<\/a> e curta no<a href=\" https:\/\/www.facebook.com\/PortalSENoticias\" target=\"_blank\"> Facebook<\/a><\/strong><\/p>\n<p><strong><em>Informa\u00e7\u00f5es do Jornal da Cidade<\/em><\/strong><\/p>\n","protected":false},"excerpt":{"rendered":"<p>Aos 41 anos e pai de 10 filhos, Jos\u00e9 Mecenas morreu neste domingo (30) depois que foi brutalmente espancado no bairro Soledade, na capital sergipana. Os suspeitos do crime ainda n\u00e3o foram identificados. Foi por volta das 00h quando Jos\u00e9 saiu de casa para comprar leite para os filhos. De acordo com informa\u00e7\u00f5es, ele foi [&hellip;]<\/p>\n","protected":false},"author":1,"featured_media":49681,"comment_status":"closed","ping_status":"closed","sticky":false,"template":"","format":"standard","meta":{"footnotes":""},"categories":[7],"tags":[],"class_list":{"0":"post-61910","1":"post","2":"type-post","3":"status-publish","4":"format-standard","5":"has-post-thumbnail","7":"category-policia"},"_links":{"self":[{"href":"https:\/\/senoticias.com.br\/se\/wp-json\/wp\/v2\/posts\/61910"}],"collection":[{"href":"https:\/\/senoticias.com.br\/se\/wp-json\/wp\/v2\/posts"}],"about":[{"href":"https:\/\/senoticias.com.br\/se\/wp-json\/wp\/v2\/types\/post"}],"author":[{"embeddable":true,"href":"https:\/\/senoticias.com.br\/se\/wp-json\/wp\/v2\/users\/1"}],"replies":[{"embeddable":true,"href":"https:\/\/senoticias.com.br\/se\/wp-json\/wp\/v2\/comments?post=61910"}],"version-history":[{"count":0,"href":"https:\/\/senoticias.com.br\/se\/wp-json\/wp\/v2\/posts\/61910\/revisions"}],"wp:featuredmedia":[{"embeddable":true,"href":"https:\/\/senoticias.com.br\/se\/wp-json\/wp\/v2\/media\/49681"}],"wp:attachment":[{"href":"https:\/\/senoticias.com.br\/se\/wp-json\/wp\/v2\/media?parent=61910"}],"wp:term":[{"taxonomy":"category","embeddable":true,"href":"https:\/\/senoticias.com.br\/se\/wp-json\/wp\/v2\/categories?post=61910"},{"taxonomy":"post_tag","embeddable":true,"href":"https:\/\/senoticias.com.br\/se\/wp-json\/wp\/v2\/tags?post=61910"}],"curies":[{"name":"wp","href":"https:\/\/api.w.org\/{rel}","templated":true}]}}