{"id":61904,"date":"2014-03-31T07:23:40","date_gmt":"2014-03-31T10:23:40","guid":{"rendered":"http:\/\/senoticias.com.br\/se\/?p=61904"},"modified":"2014-04-01T18:10:21","modified_gmt":"2014-04-01T21:10:21","slug":"prefeito-de-aracaju-entrega-o-caju-bike","status":"publish","type":"post","link":"https:\/\/senoticias.com.br\/se\/prefeito-de-aracaju-entrega-o-caju-bike\/","title":{"rendered":"Prefeito de Aracaju entrega o Caju Bike"},"content":{"rendered":"<p style=\"text-align: justify;\">Continuando os investimentos em mobilidade urbana e principalmente em alternativas que melhorem a qualidade de vida do aracajuano, o prefeito Jo\u00e3o Alves Filho e o vice-prefeito Jos\u00e9 Carlos Machado entregaram hoje, 30, \u00e0 popula\u00e7\u00e3o, na Orla da Atalaia, o Caju Bike. Um sistema composto por esta\u00e7\u00f5es com bicicletas espalhadas pela cidade, onde qualquer pessoa pode utilizar para pr\u00e1tica de atividade f\u00edsica, ou at\u00e9 mesmo como meio de transporte.<\/p>\n<div id=\"attachment_61905\" style=\"width: 607px\" class=\"wp-caption aligncenter\"><a href=\"http:\/\/senoticias.com.br\/se\/wp-content\/uploads\/2014\/03\/phpThumb_cache_www.aracaju.se_.gov_.br_srceba6923f0ec3fd3548bb0cff450c8e65_par32df3178023bb7b71a84b9034b5fa75e_dat1396199304.jpeg\"><img loading=\"lazy\" decoding=\"async\" aria-describedby=\"caption-attachment-61905\" class=\"size-full wp-image-61905\" alt=\"Prefeito entrega o Caju Bike. (Foto: Andr\u00e9 Moreira)\" src=\"http:\/\/senoticias.com.br\/se\/wp-content\/uploads\/2014\/03\/phpThumb_cache_www.aracaju.se_.gov_.br_srceba6923f0ec3fd3548bb0cff450c8e65_par32df3178023bb7b71a84b9034b5fa75e_dat1396199304.jpeg\" width=\"597\" height=\"454\" srcset=\"https:\/\/senoticias.com.br\/se\/wp-content\/uploads\/2014\/03\/phpThumb_cache_www.aracaju.se_.gov_.br_srceba6923f0ec3fd3548bb0cff450c8e65_par32df3178023bb7b71a84b9034b5fa75e_dat1396199304.jpeg 597w, https:\/\/senoticias.com.br\/se\/wp-content\/uploads\/2014\/03\/phpThumb_cache_www.aracaju.se_.gov_.br_srceba6923f0ec3fd3548bb0cff450c8e65_par32df3178023bb7b71a84b9034b5fa75e_dat1396199304-300x228.jpeg 300w, https:\/\/senoticias.com.br\/se\/wp-content\/uploads\/2014\/03\/phpThumb_cache_www.aracaju.se_.gov_.br_srceba6923f0ec3fd3548bb0cff450c8e65_par32df3178023bb7b71a84b9034b5fa75e_dat1396199304-342x260.jpeg 342w, https:\/\/senoticias.com.br\/se\/wp-content\/uploads\/2014\/03\/phpThumb_cache_www.aracaju.se_.gov_.br_srceba6923f0ec3fd3548bb0cff450c8e65_par32df3178023bb7b71a84b9034b5fa75e_dat1396199304-60x45.jpeg 60w, https:\/\/senoticias.com.br\/se\/wp-content\/uploads\/2014\/03\/phpThumb_cache_www.aracaju.se_.gov_.br_srceba6923f0ec3fd3548bb0cff450c8e65_par32df3178023bb7b71a84b9034b5fa75e_dat1396199304-150x113.jpeg 150w\" sizes=\"(max-width: 597px) 100vw, 597px\" \/><\/a><p id=\"caption-attachment-61905\" class=\"wp-caption-text\">Prefeito entrega o Caju Bike. (Foto: Andr\u00e9 Moreira)<\/p><\/div>\n<p style=\"text-align: justify;\">A ideia foi implantada de forma semelhante em v\u00e1rias cidades do Brasil e no exterior. Foram entregues hoje cinco esta\u00e7\u00f5es com 50 bicicletas. At\u00e9 o final de maio, os aracajuanos ter\u00e3o 20 esta\u00e7\u00f5es com 200 bicicletas dispon\u00edveis em v\u00e1rios bairros da capital.<\/p>\n<p style=\"text-align: justify;\">Geograficamente, Aracaju, em maior parte, \u00e9 plana, e os aproximados 60 km de ciclovias favorecem o uso de bicicletas como pr\u00e1tica esportiva. Outra alternativa \u00e9 us\u00e1-la tamb\u00e9m para deslocamento na cidade, o que, al\u00e9m de melhorar a qualidade de vida das pessoas, evita-se os transtornos causados pelo excesso de ve\u00edculos que transitam atualmente na cidade.<\/p>\n<p style=\"text-align: justify;\">O prefeito de Aracaju disse que conheceu esse sistema no exterior, e que a implanta\u00e7\u00e3o do Caju Bike na capital sergipana \u00e9 a realiza\u00e7\u00e3o de um sonho. Jo\u00e3o Alves ainda anunciou amplia\u00e7\u00e3o das ciclovias.<\/p>\n<p style=\"text-align: justify;\">&#8220;Quando conheci esse sistema em Paris percebi que Aracaju era a cidade ideal para a implanta\u00e7\u00e3o das bicicletas compartilhadas. Hoje j\u00e1 existem em v\u00e1rias cidades do Brasil como S\u00e3o Paulo, Salvador e Recife. Nessas cidades, a grande dificuldade \u00e9 a inexist\u00eancia ou quantidade insuficiente de ciclovias. Em nossa capital s\u00e3o 55 km de ciclovias e em dois anos teremos o dobro. Ser\u00e3o 110 km de pistas exclusivas para os ciclistas&#8221;, destacou o prefeito.<\/p>\n<p style=\"text-align: justify;\">Para poder utilizar o servi\u00e7o basta realizar um cadastro pela internet com as informa\u00e7\u00f5es necess\u00e1rias ou no pr\u00f3prio painel existente nas esta\u00e7\u00f5es. Outra op\u00e7\u00e3o \u00e9 fazer o cadastramento atrav\u00e9s do aplicativo para celular, que j\u00e1 est\u00e1 dispon\u00edvel para os cidad\u00e3os.<\/p>\n<p style=\"text-align: justify;\">&#8220;Essa \u00e9 mais uma alternativa segura e saud\u00e1vel. Com a mensalidade no valor de R$ 10 o cidad\u00e3o pode utilizar a bicicleta quantas vezes quiser durante os 30 dias, com intervalos de 15 minutos entre as horas de uso&#8221;, explicou o superintendente da SMTT, Nelson Felipe, pontuando que, a popula\u00e7\u00e3o ainda pode fazer a op\u00e7\u00e3o de apenas ter a bicicleta por um dia.<\/p>\n<p style=\"text-align: justify;\">A grande parceira da Prefeitura de Aracaju para a implanta\u00e7\u00e3o do Caju Bike foi com a empresa Net, que proporcionou a possibilidade melhorar a qualidade de vida dos aracajuanos atrav\u00e9s do sistema de bicicletas compartilhadas. De acordo com o gerente de opera\u00e7\u00f5es da NET em Aracaju, Andr\u00e9 Haji, &#8220;essa parceria \u00e9 um presente que a empresa d\u00e1 a toda a popula\u00e7\u00e3o da capital. Entendo que esse \u00e9 um projeto de mobilidade urbana e voltado para a sa\u00fade da popula\u00e7\u00e3o. A Prefeitura de Aracaju est\u00e1 de parab\u00e9ns&#8221;.<\/p>\n<p><strong>Siga o SE Not\u00edcias pelo <a href=\" https:\/\/twitter.com\/Senoticias\" target=\"_blank\">Twitter<\/a> e curta no <a href=\" https:\/\/www.facebook.com\/PortalSENoticias\" target=\"_blank\">Facebook<\/a><\/strong><\/p>\n","protected":false},"excerpt":{"rendered":"<p>Continuando os investimentos em mobilidade urbana e principalmente em alternativas que melhorem a qualidade de vida do aracajuano, o prefeito Jo\u00e3o Alves Filho e o vice-prefeito Jos\u00e9 Carlos Machado entregaram hoje, 30, \u00e0 popula\u00e7\u00e3o, na Orla da Atalaia, o Caju Bike. Um sistema composto por esta\u00e7\u00f5es com bicicletas espalhadas pela cidade, onde qualquer pessoa pode [&hellip;]<\/p>\n","protected":false},"author":1,"featured_media":61905,"comment_status":"closed","ping_status":"closed","sticky":false,"template":"","format":"standard","meta":{"footnotes":""},"categories":[6],"tags":[],"class_list":{"0":"post-61904","1":"post","2":"type-post","3":"status-publish","4":"format-standard","5":"has-post-thumbnail","7":"category-politica"},"_links":{"self":[{"href":"https:\/\/senoticias.com.br\/se\/wp-json\/wp\/v2\/posts\/61904"}],"collection":[{"href":"https:\/\/senoticias.com.br\/se\/wp-json\/wp\/v2\/posts"}],"about":[{"href":"https:\/\/senoticias.com.br\/se\/wp-json\/wp\/v2\/types\/post"}],"author":[{"embeddable":true,"href":"https:\/\/senoticias.com.br\/se\/wp-json\/wp\/v2\/users\/1"}],"replies":[{"embeddable":true,"href":"https:\/\/senoticias.com.br\/se\/wp-json\/wp\/v2\/comments?post=61904"}],"version-history":[{"count":0,"href":"https:\/\/senoticias.com.br\/se\/wp-json\/wp\/v2\/posts\/61904\/revisions"}],"wp:featuredmedia":[{"embeddable":true,"href":"https:\/\/senoticias.com.br\/se\/wp-json\/wp\/v2\/media\/61905"}],"wp:attachment":[{"href":"https:\/\/senoticias.com.br\/se\/wp-json\/wp\/v2\/media?parent=61904"}],"wp:term":[{"taxonomy":"category","embeddable":true,"href":"https:\/\/senoticias.com.br\/se\/wp-json\/wp\/v2\/categories?post=61904"},{"taxonomy":"post_tag","embeddable":true,"href":"https:\/\/senoticias.com.br\/se\/wp-json\/wp\/v2\/tags?post=61904"}],"curies":[{"name":"wp","href":"https:\/\/api.w.org\/{rel}","templated":true}]}}