{"id":61898,"date":"2014-03-30T18:42:54","date_gmt":"2014-03-30T21:42:54","guid":{"rendered":"http:\/\/senoticias.com.br\/se\/?p=61898"},"modified":"2014-04-01T09:08:40","modified_gmt":"2014-04-01T12:08:40","slug":"com-gol-de-edmilson-vasco-derruba-vantagem-do-fluminense-e-decide-carioca-com-o-flamengo","status":"publish","type":"post","link":"https:\/\/senoticias.com.br\/se\/com-gol-de-edmilson-vasco-derruba-vantagem-do-fluminense-e-decide-carioca-com-o-flamengo\/","title":{"rendered":"Com gol de Edmilson, Vasco derruba vantagem do Fluminense e decide Carioca com o Flamengo"},"content":{"rendered":"<p><em><strong>\u00a0por\u00a0GloboEsporte.com<\/strong><\/em><\/p>\n<p style=\"text-align: justify;\">O Vasco \u00e9 o segundo finalista do Campeonato Carioca. O Cruz-Maltino fez o que precisava neste domingo: venceu o Fluminense, que jogava pelo empate, por 1 a 0, para 15.925 pagantes (19.586 presentes) pagantes no Maracan\u00e3. Edm\u00edlson fez o gol. O resultado deste domingo garantiu a equipe de Adilson Batista na decis\u00e3o do Campeonato Carioca contra o Flamengo. Agora ser\u00e1 preciso superar o trauma dos \u00faltimos anos, com quatro decis\u00f5es de estadual perdidas (1999, 2000, 2001 e 2004) e uma pela Copa do Brasil (2006) contra os rubro-negros. Ainda, o Vasco precisa encerrar o jejum sem t\u00edtulos estaduais. O \u00faltimo foi em 2003.<\/p>\n<div id=\"attachment_61899\" style=\"width: 599px\" class=\"wp-caption aligncenter\"><a href=\"http:\/\/senoticias.com.br\/se\/wp-content\/uploads\/2014\/03\/edmilson-marcosarcoverde-ae.jpg\"><img loading=\"lazy\" decoding=\"async\" aria-describedby=\"caption-attachment-61899\" class=\"size-full wp-image-61899\" alt=\"Edmilson comemora gol do Vasco contra o Flu (Foto: Marcos Arcoverde\/Ag\u00eancia Estadp)\" src=\"http:\/\/senoticias.com.br\/se\/wp-content\/uploads\/2014\/03\/edmilson-marcosarcoverde-ae.jpg\" width=\"589\" height=\"371\" srcset=\"https:\/\/senoticias.com.br\/se\/wp-content\/uploads\/2014\/03\/edmilson-marcosarcoverde-ae.jpg 589w, https:\/\/senoticias.com.br\/se\/wp-content\/uploads\/2014\/03\/edmilson-marcosarcoverde-ae-300x188.jpg 300w, https:\/\/senoticias.com.br\/se\/wp-content\/uploads\/2014\/03\/edmilson-marcosarcoverde-ae-342x215.jpg 342w\" sizes=\"(max-width: 589px) 100vw, 589px\" \/><\/a><p id=\"caption-attachment-61899\" class=\"wp-caption-text\">Edmilson comemora gol do Vasco contra o Flu (Foto: Marcos Arcoverde\/Ag\u00eancia Estado)<\/p><\/div>\n<p style=\"text-align: justify;\">H\u00e1 mais de dois anos os cruz-maltinos n\u00e3o perdem para os tricolores &#8211; cinco vit\u00f3rias e tr\u00eas empates neste per\u00edodo. Nos \u00faltimos 20, n\u00fameros impressionantes: 33 triunfos vasca\u00ednos, contra 13 do Flu &#8211; 32 empates.<\/p>\n<p style=\"text-align: justify;\">Ap\u00f3s o jogo, Edmilson, autor do gol e artilheiro isolado do Carioca, com 11, festejou o resultado e dividiu os m\u00e9ritos com os companheiros.<\/p>\n<p style=\"text-align: justify;\">&#8211; Vit\u00f3ria do grupo, n\u00e3o fiz sozinho. Todos foram bem. A torcida acredita na gente por tudo o que aconteceu no passado. Tem que descansar, n\u00e3o tem nada decidido. Falta pouco. O mais importante \u00e9 que \u00e9 uma decis\u00e3o, estamos nela e tudo pode acontecer &#8211; destacou o atacante.<\/p>\n<p style=\"text-align: justify;\">No lado tricolor, o atacante Rafael Sobis reclamou do que considerou cera dos atletas do Vasco no segundo tempo, quando estavam em vantagem.<\/p>\n<p style=\"text-align: justify;\">&#8211; Pegamos um time bem postado, que sabe o que quer. Mas o juiz s\u00f3 dar tr\u00eas minutos de acr\u00e9scimo, com o Vasco fazendo cera o tempo todo&#8230; Ele minou o jogo &#8211; lamentou.<\/p>\n<p style=\"text-align: justify;\">Antes de se preocupar com os rubro-negros, o Vasco pega na quinta-feira o Resende, pela Copa do Brasil, na Arena Amaz\u00f4nia, jogo de ida da primeira fase. O Fluminense volta a campo em 10 de abril, em jogo de volta da Copa do Brasil, contra o Horizonte, no Rio.<\/p>\n<p style=\"text-align: justify;\"><strong>Posse de bola ou chut\u00e3o?<\/strong><\/p>\n<p style=\"text-align: justify;\">Renato Ga\u00facho tinha duas possibilidades para o lugar do suspenso Jean: o volante Rafinha e o meia Wagner. Justificou a escolha pelo primeiro por uma quest\u00e3o de marca\u00e7\u00e3o, j\u00e1 que Fred, Walter e Conca ficariam mais liberados para armar jogadas ofensivas. Adilson Batista optou pela mesma base da primeira partida, trocou apenas Marlon por Diego Renan na lateral esquerda.<\/p>\n<p style=\"text-align: justify;\">O jogo \u00e9 que parecia previs\u00edvel em termo de postura. O Fluminense foi mais cauteloso. O empate lhe bastava. Mas chamou a aten\u00e7\u00e3o a pouca criatividade. Era chut\u00e3o atr\u00e1s de chut\u00e3o. E tome bola levantada &#8211; 11 ao todo -, a maioria em faltas cometidas pelo advers\u00e1rio. Ao Vasco interessava atacar. Com a bola no ch\u00e3o. Um pouco com Everton Costa pela direita, com Diego Renan arriscando de fora da \u00e1rea, e Edmilson buscando a bola ideal para finalizar &#8211; teve duas chances.<\/p>\n<p style=\"text-align: justify;\">A posse de bola traduzia um pouco do cl\u00e1ssico: 64% para os cruz-maltinos e 36% para os tricolores. Walter poderia ter mostrado que eram apenas n\u00fameros quando escorou bem um cruzamento e parou nos p\u00e9s de Mart\u00edn Silva. Edmilson provou que a posse de bola em algum momento funcionaria. Aos 44 minutos do segundo tempo, a mesma arma de levantar bola na \u00e1rea que o Flu usava, virou de lado. Rodrigo tocou ap\u00f3s cobran\u00e7a de falta de Douglas e Edmilson, livre, conseguiu a chance que precisava e escorou de cabe\u00e7a: 1 a 0.<\/p>\n<p style=\"text-align: justify;\"><strong>Time segura resultado<\/strong><\/p>\n<p style=\"text-align: justify;\">O resultado parcial tornou previs\u00edvel o que mudaria no Fluminense na volta para o segundo tempo. Wagner, que disputou antes do jogo com Rafinha a prefer\u00eancia, entrou. Mas no lugar de Diguinho, que sentiu dores. Pouca varia\u00e7\u00e3o na posse de bola, por\u00e9m, ainda com vantagem cruz-maltina: 60% a 40%. N\u00e3o raro eram os chutes de fora do Vasco, e, em um de Douglas, Cavalieri se esticou todo para defender.<\/p>\n<p style=\"text-align: justify;\">A torcida tricolor s\u00f3 se animou um pouco quando viu que Rafael Sobis entraria. Saiu Walter. Depois veio Biro Biro na vaga de Rafinha. Renato abriu o time de vez. Adilson reagiu rapidamente. Saiu o atacante Reginaldo para entrar o volante Fellipe Bastos. Depois seis por meia d\u00fazia tratando-se de posicionamento: Diego Renan por Marlon.<\/p>\n<p style=\"text-align: justify;\">Come\u00e7ou a pegar fogo ent\u00e3o. O Flu foi com o que tinha para frente. O Vasco aproveitava para pegar contra-ataques, tirando proveito de falhas defensivas do advers\u00e1rio. E os tricolores tiveram at\u00e9 Diego Cavalieri na \u00e1rea, em um dos \u00faltimos lances da partida, em cobran\u00e7a de falta de Conca na \u00e1rea. N\u00e3o teve jeito. A torcida vasca\u00edna cantou: \u00e9 o destino.<\/p>\n<p><strong>Siga o SE Not\u00edcias pelo<a href=\" https:\/\/twitter.com\/Senoticias\" target=\"_blank\"> Twitter<\/a> e curta no <a href=\" https:\/\/www.facebook.com\/PortalSENoticias\" target=\"_blank\">Facebook<\/a><\/strong><\/p>\n","protected":false},"excerpt":{"rendered":"<p>\u00a0por\u00a0GloboEsporte.com O Vasco \u00e9 o segundo finalista do Campeonato Carioca. O Cruz-Maltino fez o que precisava neste domingo: venceu o Fluminense, que jogava pelo empate, por 1 a 0, para 15.925 pagantes (19.586 presentes) pagantes no Maracan\u00e3. Edm\u00edlson fez o gol. O resultado deste domingo garantiu a equipe de Adilson Batista na decis\u00e3o do Campeonato [&hellip;]<\/p>\n","protected":false},"author":1,"featured_media":61899,"comment_status":"closed","ping_status":"closed","sticky":false,"template":"","format":"standard","meta":{"footnotes":""},"categories":[39,8],"tags":[],"class_list":{"0":"post-61898","1":"post","2":"type-post","3":"status-publish","4":"format-standard","5":"has-post-thumbnail","7":"category-esporte","8":"category-esporte-e-cultura"},"_links":{"self":[{"href":"https:\/\/senoticias.com.br\/se\/wp-json\/wp\/v2\/posts\/61898"}],"collection":[{"href":"https:\/\/senoticias.com.br\/se\/wp-json\/wp\/v2\/posts"}],"about":[{"href":"https:\/\/senoticias.com.br\/se\/wp-json\/wp\/v2\/types\/post"}],"author":[{"embeddable":true,"href":"https:\/\/senoticias.com.br\/se\/wp-json\/wp\/v2\/users\/1"}],"replies":[{"embeddable":true,"href":"https:\/\/senoticias.com.br\/se\/wp-json\/wp\/v2\/comments?post=61898"}],"version-history":[{"count":0,"href":"https:\/\/senoticias.com.br\/se\/wp-json\/wp\/v2\/posts\/61898\/revisions"}],"wp:featuredmedia":[{"embeddable":true,"href":"https:\/\/senoticias.com.br\/se\/wp-json\/wp\/v2\/media\/61899"}],"wp:attachment":[{"href":"https:\/\/senoticias.com.br\/se\/wp-json\/wp\/v2\/media?parent=61898"}],"wp:term":[{"taxonomy":"category","embeddable":true,"href":"https:\/\/senoticias.com.br\/se\/wp-json\/wp\/v2\/categories?post=61898"},{"taxonomy":"post_tag","embeddable":true,"href":"https:\/\/senoticias.com.br\/se\/wp-json\/wp\/v2\/tags?post=61898"}],"curies":[{"name":"wp","href":"https:\/\/api.w.org\/{rel}","templated":true}]}}