{"id":61891,"date":"2014-03-30T07:58:11","date_gmt":"2014-03-30T10:58:11","guid":{"rendered":"http:\/\/senoticias.com.br\/se\/?p=61891"},"modified":"2014-04-01T07:25:23","modified_gmt":"2014-04-01T10:25:23","slug":"tres-homens-sao-executados-a-tiros-em-neopolis","status":"publish","type":"post","link":"https:\/\/senoticias.com.br\/se\/tres-homens-sao-executados-a-tiros-em-neopolis\/","title":{"rendered":"Tr\u00eas homens s\u00e3o executados a tiros em Ne\u00f3polis"},"content":{"rendered":"<div>\n<div id=\"attachment_61892\" style=\"width: 178px\" class=\"wp-caption alignright\"><a href=\"http:\/\/senoticias.com.br\/se\/wp-content\/uploads\/2014\/03\/1907957_518534941596401_338072927_n.jpg\"><img loading=\"lazy\" decoding=\"async\" aria-describedby=\"caption-attachment-61892\" class=\"size-medium wp-image-61892\" alt=\"Foto:(NeopolisComoEuVejo)\" src=\"http:\/\/senoticias.com.br\/se\/wp-content\/uploads\/2014\/03\/1907957_518534941596401_338072927_n-168x300.jpg\" width=\"168\" height=\"300\" srcset=\"https:\/\/senoticias.com.br\/se\/wp-content\/uploads\/2014\/03\/1907957_518534941596401_338072927_n-168x300.jpg 168w, https:\/\/senoticias.com.br\/se\/wp-content\/uploads\/2014\/03\/1907957_518534941596401_338072927_n.jpg 296w\" sizes=\"(max-width: 168px) 100vw, 168px\" \/><\/a><p id=\"caption-attachment-61892\" class=\"wp-caption-text\">Foto:(NeopolisComoEuVejo)<\/p><\/div>\n<p style=\"text-align: justify;\">Tr\u00eas homens identificados pela pol\u00edcia apenas por &#8220;Sebo&#8221;, &#8220;Jacar\u00e9&#8221; e &#8220;Aleijado&#8221;, foram executados a tiros no final da noite deste s\u00e1bado, dia 29. A chacina aconteceu por volta das 23 horas em frente a mercearia &#8220;Clima Bom&#8221;, no conjunto Cohab, em Ne\u00f3polis. Os primeiros levantamentos sobre o caso indicam que, as v\u00edtimas estavam passando pela localidade, quando foram surpreendidas por desconhecidos, que estavam em um carro de marca e placas ignorados.<\/p>\n<p style=\"text-align: justify;\">Sem oferecer chances de defesa, os criminosos efetuaram v\u00e1rios disparos contra as v\u00edtimas. Duas delas morreram no local, enquanto a terceira morreu a caminho do hospital. Policiais militares estiveram colhendo informa\u00e7\u00f5es no local e isolando a \u00e1rea at\u00e9 a chegada das equipes da Criminal\u00edstica e do Instituto M\u00e9dico Legal (IML) para realizar a per\u00edcia e remo\u00e7\u00e3o do corpo para ser necropsiado.<\/p>\n<p><strong>Siga o SE Not\u00edcias pelo<a href=\"https:\/\/twitter.com\/Senoticias\" target=\"_blank\"> Twitter<\/a> e curta no <a href=\" https:\/\/www.facebook.com\/PortalSENoticias\" target=\"_blank\">Facebook<\/a><\/strong><\/p>\n<p><em>Informa\u00e7\u00f5es do Sergipe \u00e9 Not\u00edcia<\/em><\/p>\n<\/div>\n","protected":false},"excerpt":{"rendered":"<p>Tr\u00eas homens identificados pela pol\u00edcia apenas por &#8220;Sebo&#8221;, &#8220;Jacar\u00e9&#8221; e &#8220;Aleijado&#8221;, foram executados a tiros no final da noite deste s\u00e1bado, dia 29. A chacina aconteceu por volta das 23 horas em frente a mercearia &#8220;Clima Bom&#8221;, no conjunto Cohab, em Ne\u00f3polis. Os primeiros levantamentos sobre o caso indicam que, as v\u00edtimas estavam passando pela [&hellip;]<\/p>\n","protected":false},"author":1,"featured_media":61892,"comment_status":"closed","ping_status":"closed","sticky":false,"template":"","format":"standard","meta":{"footnotes":""},"categories":[7],"tags":[],"class_list":{"0":"post-61891","1":"post","2":"type-post","3":"status-publish","4":"format-standard","5":"has-post-thumbnail","7":"category-policia"},"_links":{"self":[{"href":"https:\/\/senoticias.com.br\/se\/wp-json\/wp\/v2\/posts\/61891"}],"collection":[{"href":"https:\/\/senoticias.com.br\/se\/wp-json\/wp\/v2\/posts"}],"about":[{"href":"https:\/\/senoticias.com.br\/se\/wp-json\/wp\/v2\/types\/post"}],"author":[{"embeddable":true,"href":"https:\/\/senoticias.com.br\/se\/wp-json\/wp\/v2\/users\/1"}],"replies":[{"embeddable":true,"href":"https:\/\/senoticias.com.br\/se\/wp-json\/wp\/v2\/comments?post=61891"}],"version-history":[{"count":0,"href":"https:\/\/senoticias.com.br\/se\/wp-json\/wp\/v2\/posts\/61891\/revisions"}],"wp:featuredmedia":[{"embeddable":true,"href":"https:\/\/senoticias.com.br\/se\/wp-json\/wp\/v2\/media\/61892"}],"wp:attachment":[{"href":"https:\/\/senoticias.com.br\/se\/wp-json\/wp\/v2\/media?parent=61891"}],"wp:term":[{"taxonomy":"category","embeddable":true,"href":"https:\/\/senoticias.com.br\/se\/wp-json\/wp\/v2\/categories?post=61891"},{"taxonomy":"post_tag","embeddable":true,"href":"https:\/\/senoticias.com.br\/se\/wp-json\/wp\/v2\/tags?post=61891"}],"curies":[{"name":"wp","href":"https:\/\/api.w.org\/{rel}","templated":true}]}}